{"id":7518,"date":"2024-09-13T09:57:58","date_gmt":"2024-09-13T07:57:58","guid":{"rendered":"https:\/\/www.distrettoaerospazialepiemonte.com\/events-news\/il-dap-presente-agli-stati-generali-della-space-economy\/"},"modified":"2024-09-13T09:57:58","modified_gmt":"2024-09-13T07:57:58","slug":"il-dap-presente-agli-stati-generali-della-space-economy","status":"publish","type":"post","link":"https:\/\/www.distrettoaerospazialepiemonte.com\/en\/events-news\/il-dap-presente-agli-stati-generali-della-space-economy\/","title":{"rendered":"Il DAP presente agli Stati Generali della Space Economy"},"content":{"rendered":"<p>Si sono chiusi con successo gli <strong>Stati Generali della Space Economy<\/strong>, <strong>tenuti l\u201911 e il 12 settembre<\/strong> a<strong> Milano e Torino <\/strong>e organizzati con la collaborazione istituzionale del <strong>Ministero delle Imprese e del Made in Italy, Agenzia Spaziale Italiana \u2013 ASI, Regione Lombardia, Regione Piemonte <\/strong>e <strong>Comune di Milano<\/strong>\u00a0e con il supporto di <strong>Space Economy Evolution Laboratory &#8211; SEE Lab SDA Bocconi, Politecnico di Milano, Fiera Milano, PricewaterhouseCoopers &#8211; PwC <\/strong>e <strong>Inrete &#8211; Relazioni Istituzionali e Comunicazione.<\/strong><\/p>\n<p>Nel corso delle due giornate di lavori, istituzioni, aziende e rappresentanti dell\u2019industria spaziale, dell\u2019economia e dell\u2019alta formazione e ricerca, hanno affrontato in maniera sinergica le sfide e le opportunit\u00e0 offerte da un settore che con i suoi numeri diventa sempre pi\u00f9 importante, da tutti i punti di vista: quello macroeconomico, quello occupazionale, cos\u00ec come quello legato alla ricerca e innovazione, fino ad arrivare a quello strategico in ottica di difesa, intelligence e cyber security.<\/p>\n<p>Ad oggi sono <strong>415 le aziende italiane attive nell\u2019industria spaziale<\/strong>, un comparto che vale <strong>3 miliardi di euro<\/strong> e che \u00e8 destinatario entro il 2027 di <strong>7,5 miliardi di investimenti <\/strong>(inclusi i contributi ASI, ESA, fondi del PNRR e Fondo Complementare). La filiera spaziale italiana, che impiega oltre 11 mila lavoratori, rappresenta per dimensioni delle imprese che ne fanno parte, uno spaccato peculiare del tessuto produttivo italiano: <strong>il 6% di esse sono aziende di grandi dimensioni, il 90% PMI e il restante 4% <\/strong>\u00a0<strong>comprende piccole startup impegnate nella ricerca e nell\u2019innovazione<\/strong>. Numeri che testimoniano l\u2019importanza di un settore che ha visto, tra le economie pi\u00f9 attive ed impegnate nello sviluppo e nella ricerca quella italiana e che, <strong>a livello mondiale, vale oltre 630 miliardi di dollari, con una previsione di crescita del 9% annuo composto fino al raggiungimento di 1.800 miliardi di dollari entro il 2035.<\/strong><\/p>\n<p>Il primo appuntamento mercoled\u00ec <strong>11 settembre a Torino<\/strong>, presso gli spazi del <strong>Grattacielo Regione Piemonte<\/strong>, che hanno ospitato il tavolo di lavoro dedicato al tema del rapporto tra <strong>\u201cIntelligenza Artificiale e la Space Economy\u201d<\/strong>, toccando anche l\u2019influenza dell&#8217;IA sul futuro del settore spaziale. L&#8217;incontro ha evidenziato inoltre l&#8217;importanza delle collaborazioni tra enti pubblici e privati per stimolare l&#8217;innovazione e favorire uno sviluppo sostenibile e competitivo del settore spaziale.<\/p>\n<p>Il <strong>12 settembre<\/strong> gli Stati Generali della space Economy si sono trasferiti a <strong>Milano<\/strong>, con sei sessioni tematiche che ospitate in diverse location del capoluogo lombardo. Due i tavoli ospitati dalla sede di <strong>Regione Lombardia<\/strong>: il primo dedicato alla<strong> \u201cPosizione italiana per le politiche europee per lo spazio\u201d <\/strong>(strategie ed azioni dell&#8217;Italia nel settore spaziale in vista del prossimo settennato finanziario dell\u2019UE e preparazione della Riunione Ministeriale ESA 2025), l&#8217;altro\u00a0\u201c<strong>Regioni e Distretti Regionali Tecnologici Aerospaziali\u201d<\/strong>, in occasione della quale \u00e8 stato evidenziato il ruolo da protagonista di questi ultimi nel campo dell&#8217;innovazione e della competitivit\u00e0 della filiera tecnologia e industriale spaziale nazionale. Il tavolo ha avuto un focus sul bilanciamento fra la flessibilit\u00e0 e la spinta all&#8217;innovazione &#8211; offerte dalle aggregazioni a livello regionale e dai cluster- e le modalit\u00e0 di coordinamento degli stessi al fine di competere in un settore sempre pi\u00f9 europeo e globale. A questo appuntamento \u00e8 intervenuta la <strong>nostra Presidente del Distretto Aerospaziale Piemonte, Professor Ingegner Fulvia Quagliotti<\/strong> <em>&lt;&lt;L\u2019ecosistema dell\u2019Aerospazio in Piemonte, fondato sulla collaborazione tra cinque big player presenti nella Regione, 450 piccole e medie imprese ed il mondo accademico, sta vivendo una importante fase di sviluppo trainato dalla space economy. Grazie alle competenze acquisite in sessanta anni di attivit\u00e0 spaziali, si stanno progettando e svuiluppando sistemi per l\u2019esplorazione spaziale robotica ed umana, servizi in orbita, moduli abitativi, piccoli satelliti, lanciatori, logistica spaziale, laboratori di simulazione ed attivit\u00e0 trasversali. La maggior parte delle aziende coinvolte fanno parte del nostro Distretto Aerospaziale. La Regione Piemonte beneficia della strategia di crescita per il settore spazio condotta dal Governo, in particolare dal Ministro Urso, portando cospicui risultati gi\u00e0 dalla Ministeriale del 2022 e attraverso i fondi del PNRR, pi\u00f9 di 7 miliardi per la filiera da qui al 2026. In questo solco si pone il nascente progetto della Citt\u00e0 dell\u2019Aerospazio a Torino, il luogo in cui l\u2019eccellenza tecnologica e industriale si affiancano al mondo accademico e alle PMI, per essere un volano verso la competitivit\u00e0 internazionale per il Piemonte e per il nostro Paese. Il progetto oramai prossimo a diventare cantiere prevede, tra i dodici sottoprogetti, una superficie di 10.000 mq per attivit\u00e0 riguardanti lo sviluppo tecnologico e l\u2019innovazione a cui si aggiungono 16.000 mq per la creazione di una struttura multifunzionale per ospitare incubatori, acceleratori e start up. Guardando al futuro, \u00e8 interesse primario del Distretto Aerospaziale Piemonte incrementare sempre pi\u00f9 il supporto per la crescita delle PMI, in particolare quelle coinvolte nelle attivit\u00e0 spaziali. Molte di queste costituiscono una consolidata supply chain per i big player. Inoltre si ritiene di grande importanza una politica di sostegno alle attivit\u00e0 di ricerca e sviluppo delle nostre PMI che si dedicano ai piccoli satelliti ed alle startup del settore&gt;&gt;.<\/em><\/p>\n<p>I contenuti emersi nelle due giornate sono stati raccolti all\u2019interno del <strong>Manifesto della Space Economy 2024, <\/strong>un documento in grado di delineare le linee guida e gli obiettivi strategici per il progresso futuro del settore spaziale in Italia, cos\u00ec come un punto di partenza in continuo aggiornamento che illustri lo stato di avanzamento lavori del settore, contribuendo a rendere cos\u00ec l\u2019appuntamento degli <strong>Stati Generali della Space Economy <\/strong>un\u2019occasione imprescindibile, per esperti e non, di aggiornamento e confronto annuale sull\u2019intero comparto.<\/p>\n<p>Gli Stati Generali della Space Economy vedono tra i soggetti patrocinatori <strong>Cdp &#8211; Cassa Depositi e Prestiti, ACRI &#8211; Associazione di Fondazioni e Casse di Risparmio Spa<\/strong>, e tra le aziende sponsor <strong>Telespazio <\/strong>e alcune tra le nostre associate come <strong>ThalesAlenia Space e Argotec<\/strong>.<\/p>\n<div id='gallery-1' class='gallery galleryid-7518 gallery-columns-2 gallery-size-thumbnail'><figure class='gallery-item'>\n\t\t\t<div class='gallery-icon portrait'>\n\t\t\t\t<a href='https:\/\/www.distrettoaerospazialepiemonte.com\/en\/quagliotti-2\/'><img loading=\"lazy\" decoding=\"async\" width=\"250\" height=\"250\" src=\"https:\/\/www.distrettoaerospazialepiemonte.com\/wp-content\/uploads\/2019\/10\/quagliotti-250x250.jpeg\" class=\"attachment-thumbnail size-thumbnail\" alt=\"\" srcset=\"https:\/\/www.distrettoaerospazialepiemonte.com\/wp-content\/uploads\/2019\/10\/quagliotti-250x250.jpeg 250w, https:\/\/www.distrettoaerospazialepiemonte.com\/wp-content\/uploads\/2019\/10\/quagliotti-69x69.jpeg 69w\" sizes=\"auto, (max-width: 250px) 100vw, 250px\" \/><\/a>\n\t\t\t<\/div><\/figure><figure class='gallery-item'>\n\t\t\t<div class='gallery-icon portrait'>\n\t\t\t\t<a href='https:\/\/www.distrettoaerospazialepiemonte.com\/en\/stati-generali-2-2\/'><img loading=\"lazy\" decoding=\"async\" width=\"250\" height=\"250\" src=\"https:\/\/www.distrettoaerospazialepiemonte.com\/wp-content\/uploads\/2019\/10\/stati-generali-2-250x250.jpeg\" class=\"attachment-thumbnail size-thumbnail\" alt=\"\" srcset=\"https:\/\/www.distrettoaerospazialepiemonte.com\/wp-content\/uploads\/2019\/10\/stati-generali-2-250x250.jpeg 250w, https:\/\/www.distrettoaerospazialepiemonte.com\/wp-content\/uploads\/2019\/10\/stati-generali-2-69x69.jpeg 69w\" sizes=\"auto, (max-width: 250px) 100vw, 250px\" \/><\/a>\n\t\t\t<\/div><\/figure><figure class='gallery-item'>\n\t\t\t<div class='gallery-icon landscape'>\n\t\t\t\t<a href='https:\/\/www.distrettoaerospazialepiemonte.com\/en\/stati-generali-1-2\/'><img loading=\"lazy\" decoding=\"async\" width=\"250\" height=\"250\" src=\"https:\/\/www.distrettoaerospazialepiemonte.com\/wp-content\/uploads\/2019\/10\/stati-generali-1-250x250.jpeg\" class=\"attachment-thumbnail size-thumbnail\" alt=\"\" srcset=\"https:\/\/www.distrettoaerospazialepiemonte.com\/wp-content\/uploads\/2019\/10\/stati-generali-1-250x250.jpeg 250w, https:\/\/www.distrettoaerospazialepiemonte.com\/wp-content\/uploads\/2019\/10\/stati-generali-1-69x69.jpeg 69w\" sizes=\"auto, (max-width: 250px) 100vw, 250px\" \/><\/a>\n\t\t\t<\/div><\/figure><figure class='gallery-item'>\n\t\t\t<div class='gallery-icon landscape'>\n\t\t\t\t<a href='https:\/\/www.distrettoaerospazialepiemonte.com\/en\/pas01151-2\/'><img loading=\"lazy\" decoding=\"async\" width=\"250\" height=\"250\" src=\"https:\/\/www.distrettoaerospazialepiemonte.com\/wp-content\/uploads\/2019\/10\/PAS01151-250x250.jpg\" class=\"attachment-thumbnail size-thumbnail\" alt=\"\" srcset=\"https:\/\/www.distrettoaerospazialepiemonte.com\/wp-content\/uploads\/2019\/10\/PAS01151-250x250.jpg 250w, https:\/\/www.distrettoaerospazialepiemonte.com\/wp-content\/uploads\/2019\/10\/PAS01151-69x69.jpg 69w\" sizes=\"auto, (max-width: 250px) 100vw, 250px\" \/><\/a>\n\t\t\t<\/div><\/figure>\n\t\t<\/div>\n\n","protected":false},"excerpt":{"rendered":"<p>Si sono chiusi con successo gli Stati Generali della Space Economy, tenuti l\u201911 e il 12 settembre a Milano e Torino e organizzati con la collaborazione istituzionale del Ministero delle Imprese e del Made in Italy, Agenzia Spaziale Italiana \u2013 ASI, Regione Lombardia, Regione Piemonte e Comune di Milano\u00a0e con il supporto di Space Economy [&hellip;]<\/p>\n","protected":false},"author":2,"featured_media":7512,"comment_status":"closed","ping_status":"closed","sticky":false,"template":"","format":"standard","meta":{"_acf_changed":false,"footnotes":""},"categories":[63],"tags":[],"class_list":["post-7518","post","type-post","status-publish","format-standard","has-post-thumbnail","hentry","category-events-news"],"acf":[],"yoast_head":"<!-- This site is optimized with the Yoast SEO plugin v27.5 - https:\/\/yoast.com\/product\/yoast-seo-wordpress\/ -->\n<title>Il DAP presente agli Stati Generali della Space Economy - Distretto aerospaziale piemonte<\/title>\n<meta name=\"robots\" content=\"index, follow, max-snippet:-1, max-image-preview:large, max-video-preview:-1\" \/>\n<link rel=\"canonical\" href=\"https:\/\/www.distrettoaerospazialepiemonte.com\/en\/events-news\/il-dap-presente-agli-stati-generali-della-space-economy\/\" \/>\n<meta property=\"og:locale\" content=\"en_US\" \/>\n<meta property=\"og:type\" content=\"article\" \/>\n<meta property=\"og:title\" content=\"Il DAP presente agli Stati Generali della Space Economy - Distretto aerospaziale piemonte\" \/>\n<meta property=\"og:description\" content=\"Si sono chiusi con successo gli Stati Generali della Space Economy, tenuti l\u201911 e il 12 settembre a Milano e Torino e organizzati con la collaborazione istituzionale del Ministero delle Imprese e del Made in Italy, Agenzia Spaziale Italiana \u2013 ASI, Regione Lombardia, Regione Piemonte e Comune di Milano\u00a0e con il supporto di Space Economy [&hellip;]\" \/>\n<meta property=\"og:url\" content=\"https:\/\/www.distrettoaerospazialepiemonte.com\/en\/events-news\/il-dap-presente-agli-stati-generali-della-space-economy\/\" \/>\n<meta property=\"og:site_name\" content=\"Distretto aerospaziale piemonte\" \/>\n<meta property=\"article:published_time\" content=\"2024-09-13T07:57:58+00:00\" \/>\n<meta property=\"og:image\" content=\"https:\/\/www.distrettoaerospazialepiemonte.com\/wp-content\/uploads\/2019\/10\/quagliotti-250x250.jpeg\" \/>\n<meta name=\"author\" content=\"Anna Zampolini\" \/>\n<meta name=\"twitter:card\" content=\"summary_large_image\" \/>\n<meta name=\"twitter:label1\" content=\"Written by\" \/>\n\t<meta name=\"twitter:data1\" content=\"Anna Zampolini\" \/>\n\t<meta name=\"twitter:label2\" content=\"Est. reading time\" \/>\n\t<meta name=\"twitter:data2\" content=\"5 minutes\" \/>\n<script type=\"application\/ld+json\" class=\"yoast-schema-graph\">{\"@context\":\"https:\\\/\\\/schema.org\",\"@graph\":[{\"@type\":\"Article\",\"@id\":\"https:\\\/\\\/www.distrettoaerospazialepiemonte.com\\\/en\\\/events-news\\\/il-dap-presente-agli-stati-generali-della-space-economy\\\/#article\",\"isPartOf\":{\"@id\":\"https:\\\/\\\/www.distrettoaerospazialepiemonte.com\\\/en\\\/events-news\\\/il-dap-presente-agli-stati-generali-della-space-economy\\\/\"},\"author\":{\"name\":\"Anna Zampolini\",\"@id\":\"https:\\\/\\\/www.distrettoaerospazialepiemonte.com\\\/en\\\/#\\\/schema\\\/person\\\/b67d683ffbbae33fcc07105c75d162bc\"},\"headline\":\"Il DAP presente agli Stati Generali della Space Economy\",\"datePublished\":\"2024-09-13T07:57:58+00:00\",\"mainEntityOfPage\":{\"@id\":\"https:\\\/\\\/www.distrettoaerospazialepiemonte.com\\\/en\\\/events-news\\\/il-dap-presente-agli-stati-generali-della-space-economy\\\/\"},\"wordCount\":955,\"publisher\":{\"@id\":\"https:\\\/\\\/www.distrettoaerospazialepiemonte.com\\\/en\\\/#organization\"},\"image\":{\"@id\":\"https:\\\/\\\/www.distrettoaerospazialepiemonte.com\\\/en\\\/events-news\\\/il-dap-presente-agli-stati-generali-della-space-economy\\\/#primaryimage\"},\"thumbnailUrl\":\"https:\\\/\\\/www.distrettoaerospazialepiemonte.com\\\/wp-content\\\/uploads\\\/2019\\\/10\\\/quagliotti.jpeg\",\"articleSection\":[\"Events and news\"],\"inLanguage\":\"en-US\"},{\"@type\":\"WebPage\",\"@id\":\"https:\\\/\\\/www.distrettoaerospazialepiemonte.com\\\/en\\\/events-news\\\/il-dap-presente-agli-stati-generali-della-space-economy\\\/\",\"url\":\"https:\\\/\\\/www.distrettoaerospazialepiemonte.com\\\/en\\\/events-news\\\/il-dap-presente-agli-stati-generali-della-space-economy\\\/\",\"name\":\"Il DAP presente agli Stati Generali della Space Economy - Distretto aerospaziale piemonte\",\"isPartOf\":{\"@id\":\"https:\\\/\\\/www.distrettoaerospazialepiemonte.com\\\/en\\\/#website\"},\"primaryImageOfPage\":{\"@id\":\"https:\\\/\\\/www.distrettoaerospazialepiemonte.com\\\/en\\\/events-news\\\/il-dap-presente-agli-stati-generali-della-space-economy\\\/#primaryimage\"},\"image\":{\"@id\":\"https:\\\/\\\/www.distrettoaerospazialepiemonte.com\\\/en\\\/events-news\\\/il-dap-presente-agli-stati-generali-della-space-economy\\\/#primaryimage\"},\"thumbnailUrl\":\"https:\\\/\\\/www.distrettoaerospazialepiemonte.com\\\/wp-content\\\/uploads\\\/2019\\\/10\\\/quagliotti.jpeg\",\"datePublished\":\"2024-09-13T07:57:58+00:00\",\"breadcrumb\":{\"@id\":\"https:\\\/\\\/www.distrettoaerospazialepiemonte.com\\\/en\\\/events-news\\\/il-dap-presente-agli-stati-generali-della-space-economy\\\/#breadcrumb\"},\"inLanguage\":\"en-US\",\"potentialAction\":[{\"@type\":\"ReadAction\",\"target\":[\"https:\\\/\\\/www.distrettoaerospazialepiemonte.com\\\/en\\\/events-news\\\/il-dap-presente-agli-stati-generali-della-space-economy\\\/\"]}]},{\"@type\":\"ImageObject\",\"inLanguage\":\"en-US\",\"@id\":\"https:\\\/\\\/www.distrettoaerospazialepiemonte.com\\\/en\\\/events-news\\\/il-dap-presente-agli-stati-generali-della-space-economy\\\/#primaryimage\",\"url\":\"https:\\\/\\\/www.distrettoaerospazialepiemonte.com\\\/wp-content\\\/uploads\\\/2019\\\/10\\\/quagliotti.jpeg\",\"contentUrl\":\"https:\\\/\\\/www.distrettoaerospazialepiemonte.com\\\/wp-content\\\/uploads\\\/2019\\\/10\\\/quagliotti.jpeg\",\"width\":1200,\"height\":1600},{\"@type\":\"BreadcrumbList\",\"@id\":\"https:\\\/\\\/www.distrettoaerospazialepiemonte.com\\\/en\\\/events-news\\\/il-dap-presente-agli-stati-generali-della-space-economy\\\/#breadcrumb\",\"itemListElement\":[{\"@type\":\"ListItem\",\"position\":1,\"name\":\"Home\",\"item\":\"https:\\\/\\\/www.distrettoaerospazialepiemonte.com\\\/en\\\/\"},{\"@type\":\"ListItem\",\"position\":2,\"name\":\"Il DAP presente agli Stati Generali della Space Economy\"}]},{\"@type\":\"WebSite\",\"@id\":\"https:\\\/\\\/www.distrettoaerospazialepiemonte.com\\\/en\\\/#website\",\"url\":\"https:\\\/\\\/www.distrettoaerospazialepiemonte.com\\\/en\\\/\",\"name\":\"Distretto aerospaziale piemonte\",\"description\":\"DAP\",\"publisher\":{\"@id\":\"https:\\\/\\\/www.distrettoaerospazialepiemonte.com\\\/en\\\/#organization\"},\"potentialAction\":[{\"@type\":\"SearchAction\",\"target\":{\"@type\":\"EntryPoint\",\"urlTemplate\":\"https:\\\/\\\/www.distrettoaerospazialepiemonte.com\\\/en\\\/?s={search_term_string}\"},\"query-input\":{\"@type\":\"PropertyValueSpecification\",\"valueRequired\":true,\"valueName\":\"search_term_string\"}}],\"inLanguage\":\"en-US\"},{\"@type\":\"Organization\",\"@id\":\"https:\\\/\\\/www.distrettoaerospazialepiemonte.com\\\/en\\\/#organization\",\"name\":\"Distretto Aerospaziale Piemonte\",\"url\":\"https:\\\/\\\/www.distrettoaerospazialepiemonte.com\\\/en\\\/\",\"logo\":{\"@type\":\"ImageObject\",\"inLanguage\":\"en-US\",\"@id\":\"https:\\\/\\\/www.distrettoaerospazialepiemonte.com\\\/en\\\/#\\\/schema\\\/logo\\\/image\\\/\",\"url\":\"https:\\\/\\\/www.distrettoaerospazialepiemonte.com\\\/wp-content\\\/uploads\\\/2019\\\/12\\\/logoNoScritta.png\",\"contentUrl\":\"https:\\\/\\\/www.distrettoaerospazialepiemonte.com\\\/wp-content\\\/uploads\\\/2019\\\/12\\\/logoNoScritta.png\",\"width\":250,\"height\":125,\"caption\":\"Distretto Aerospaziale Piemonte\"},\"image\":{\"@id\":\"https:\\\/\\\/www.distrettoaerospazialepiemonte.com\\\/en\\\/#\\\/schema\\\/logo\\\/image\\\/\"}},{\"@type\":\"Person\",\"@id\":\"https:\\\/\\\/www.distrettoaerospazialepiemonte.com\\\/en\\\/#\\\/schema\\\/person\\\/b67d683ffbbae33fcc07105c75d162bc\",\"name\":\"Anna Zampolini\",\"image\":{\"@type\":\"ImageObject\",\"inLanguage\":\"en-US\",\"@id\":\"https:\\\/\\\/secure.gravatar.com\\\/avatar\\\/e790b1cbe9ff37ab22178feeb6a03d3aad2414f89da70efa4f70357ac368a5ac?s=96&d=mm&r=g\",\"url\":\"https:\\\/\\\/secure.gravatar.com\\\/avatar\\\/e790b1cbe9ff37ab22178feeb6a03d3aad2414f89da70efa4f70357ac368a5ac?s=96&d=mm&r=g\",\"contentUrl\":\"https:\\\/\\\/secure.gravatar.com\\\/avatar\\\/e790b1cbe9ff37ab22178feeb6a03d3aad2414f89da70efa4f70357ac368a5ac?s=96&d=mm&r=g\",\"caption\":\"Anna Zampolini\"}}]}<\/script>\n<!-- \/ Yoast SEO plugin. -->","yoast_head_json":{"title":"Il DAP presente agli Stati Generali della Space Economy - Distretto aerospaziale piemonte","robots":{"index":"index","follow":"follow","max-snippet":"max-snippet:-1","max-image-preview":"max-image-preview:large","max-video-preview":"max-video-preview:-1"},"canonical":"https:\/\/www.distrettoaerospazialepiemonte.com\/en\/events-news\/il-dap-presente-agli-stati-generali-della-space-economy\/","og_locale":"en_US","og_type":"article","og_title":"Il DAP presente agli Stati Generali della Space Economy - Distretto aerospaziale piemonte","og_description":"Si sono chiusi con successo gli Stati Generali della Space Economy, tenuti l\u201911 e il 12 settembre a Milano e Torino e organizzati con la collaborazione istituzionale del Ministero delle Imprese e del Made in Italy, Agenzia Spaziale Italiana \u2013 ASI, Regione Lombardia, Regione Piemonte e Comune di Milano\u00a0e con il supporto di Space Economy [&hellip;]","og_url":"https:\/\/www.distrettoaerospazialepiemonte.com\/en\/events-news\/il-dap-presente-agli-stati-generali-della-space-economy\/","og_site_name":"Distretto aerospaziale piemonte","article_published_time":"2024-09-13T07:57:58+00:00","og_image":[{"url":"https:\/\/www.distrettoaerospazialepiemonte.com\/wp-content\/uploads\/2019\/10\/quagliotti-250x250.jpeg","type":"","width":"","height":""}],"author":"Anna Zampolini","twitter_card":"summary_large_image","twitter_misc":{"Written by":"Anna Zampolini","Est. reading time":"5 minutes"},"schema":{"@context":"https:\/\/schema.org","@graph":[{"@type":"Article","@id":"https:\/\/www.distrettoaerospazialepiemonte.com\/en\/events-news\/il-dap-presente-agli-stati-generali-della-space-economy\/#article","isPartOf":{"@id":"https:\/\/www.distrettoaerospazialepiemonte.com\/en\/events-news\/il-dap-presente-agli-stati-generali-della-space-economy\/"},"author":{"name":"Anna Zampolini","@id":"https:\/\/www.distrettoaerospazialepiemonte.com\/en\/#\/schema\/person\/b67d683ffbbae33fcc07105c75d162bc"},"headline":"Il DAP presente agli Stati Generali della Space Economy","datePublished":"2024-09-13T07:57:58+00:00","mainEntityOfPage":{"@id":"https:\/\/www.distrettoaerospazialepiemonte.com\/en\/events-news\/il-dap-presente-agli-stati-generali-della-space-economy\/"},"wordCount":955,"publisher":{"@id":"https:\/\/www.distrettoaerospazialepiemonte.com\/en\/#organization"},"image":{"@id":"https:\/\/www.distrettoaerospazialepiemonte.com\/en\/events-news\/il-dap-presente-agli-stati-generali-della-space-economy\/#primaryimage"},"thumbnailUrl":"https:\/\/www.distrettoaerospazialepiemonte.com\/wp-content\/uploads\/2019\/10\/quagliotti.jpeg","articleSection":["Events and news"],"inLanguage":"en-US"},{"@type":"WebPage","@id":"https:\/\/www.distrettoaerospazialepiemonte.com\/en\/events-news\/il-dap-presente-agli-stati-generali-della-space-economy\/","url":"https:\/\/www.distrettoaerospazialepiemonte.com\/en\/events-news\/il-dap-presente-agli-stati-generali-della-space-economy\/","name":"Il DAP presente agli Stati Generali della Space Economy - Distretto aerospaziale piemonte","isPartOf":{"@id":"https:\/\/www.distrettoaerospazialepiemonte.com\/en\/#website"},"primaryImageOfPage":{"@id":"https:\/\/www.distrettoaerospazialepiemonte.com\/en\/events-news\/il-dap-presente-agli-stati-generali-della-space-economy\/#primaryimage"},"image":{"@id":"https:\/\/www.distrettoaerospazialepiemonte.com\/en\/events-news\/il-dap-presente-agli-stati-generali-della-space-economy\/#primaryimage"},"thumbnailUrl":"https:\/\/www.distrettoaerospazialepiemonte.com\/wp-content\/uploads\/2019\/10\/quagliotti.jpeg","datePublished":"2024-09-13T07:57:58+00:00","breadcrumb":{"@id":"https:\/\/www.distrettoaerospazialepiemonte.com\/en\/events-news\/il-dap-presente-agli-stati-generali-della-space-economy\/#breadcrumb"},"inLanguage":"en-US","potentialAction":[{"@type":"ReadAction","target":["https:\/\/www.distrettoaerospazialepiemonte.com\/en\/events-news\/il-dap-presente-agli-stati-generali-della-space-economy\/"]}]},{"@type":"ImageObject","inLanguage":"en-US","@id":"https:\/\/www.distrettoaerospazialepiemonte.com\/en\/events-news\/il-dap-presente-agli-stati-generali-della-space-economy\/#primaryimage","url":"https:\/\/www.distrettoaerospazialepiemonte.com\/wp-content\/uploads\/2019\/10\/quagliotti.jpeg","contentUrl":"https:\/\/www.distrettoaerospazialepiemonte.com\/wp-content\/uploads\/2019\/10\/quagliotti.jpeg","width":1200,"height":1600},{"@type":"BreadcrumbList","@id":"https:\/\/www.distrettoaerospazialepiemonte.com\/en\/events-news\/il-dap-presente-agli-stati-generali-della-space-economy\/#breadcrumb","itemListElement":[{"@type":"ListItem","position":1,"name":"Home","item":"https:\/\/www.distrettoaerospazialepiemonte.com\/en\/"},{"@type":"ListItem","position":2,"name":"Il DAP presente agli Stati Generali della Space Economy"}]},{"@type":"WebSite","@id":"https:\/\/www.distrettoaerospazialepiemonte.com\/en\/#website","url":"https:\/\/www.distrettoaerospazialepiemonte.com\/en\/","name":"Distretto aerospaziale piemonte","description":"DAP","publisher":{"@id":"https:\/\/www.distrettoaerospazialepiemonte.com\/en\/#organization"},"potentialAction":[{"@type":"SearchAction","target":{"@type":"EntryPoint","urlTemplate":"https:\/\/www.distrettoaerospazialepiemonte.com\/en\/?s={search_term_string}"},"query-input":{"@type":"PropertyValueSpecification","valueRequired":true,"valueName":"search_term_string"}}],"inLanguage":"en-US"},{"@type":"Organization","@id":"https:\/\/www.distrettoaerospazialepiemonte.com\/en\/#organization","name":"Distretto Aerospaziale Piemonte","url":"https:\/\/www.distrettoaerospazialepiemonte.com\/en\/","logo":{"@type":"ImageObject","inLanguage":"en-US","@id":"https:\/\/www.distrettoaerospazialepiemonte.com\/en\/#\/schema\/logo\/image\/","url":"https:\/\/www.distrettoaerospazialepiemonte.com\/wp-content\/uploads\/2019\/12\/logoNoScritta.png","contentUrl":"https:\/\/www.distrettoaerospazialepiemonte.com\/wp-content\/uploads\/2019\/12\/logoNoScritta.png","width":250,"height":125,"caption":"Distretto Aerospaziale Piemonte"},"image":{"@id":"https:\/\/www.distrettoaerospazialepiemonte.com\/en\/#\/schema\/logo\/image\/"}},{"@type":"Person","@id":"https:\/\/www.distrettoaerospazialepiemonte.com\/en\/#\/schema\/person\/b67d683ffbbae33fcc07105c75d162bc","name":"Anna Zampolini","image":{"@type":"ImageObject","inLanguage":"en-US","@id":"https:\/\/secure.gravatar.com\/avatar\/e790b1cbe9ff37ab22178feeb6a03d3aad2414f89da70efa4f70357ac368a5ac?s=96&d=mm&r=g","url":"https:\/\/secure.gravatar.com\/avatar\/e790b1cbe9ff37ab22178feeb6a03d3aad2414f89da70efa4f70357ac368a5ac?s=96&d=mm&r=g","contentUrl":"https:\/\/secure.gravatar.com\/avatar\/e790b1cbe9ff37ab22178feeb6a03d3aad2414f89da70efa4f70357ac368a5ac?s=96&d=mm&r=g","caption":"Anna Zampolini"}}]}},"_links":{"self":[{"href":"https:\/\/www.distrettoaerospazialepiemonte.com\/en\/wp-json\/wp\/v2\/posts\/7518","targetHints":{"allow":["GET"]}}],"collection":[{"href":"https:\/\/www.distrettoaerospazialepiemonte.com\/en\/wp-json\/wp\/v2\/posts"}],"about":[{"href":"https:\/\/www.distrettoaerospazialepiemonte.com\/en\/wp-json\/wp\/v2\/types\/post"}],"author":[{"embeddable":true,"href":"https:\/\/www.distrettoaerospazialepiemonte.com\/en\/wp-json\/wp\/v2\/users\/2"}],"replies":[{"embeddable":true,"href":"https:\/\/www.distrettoaerospazialepiemonte.com\/en\/wp-json\/wp\/v2\/comments?post=7518"}],"version-history":[{"count":0,"href":"https:\/\/www.distrettoaerospazialepiemonte.com\/en\/wp-json\/wp\/v2\/posts\/7518\/revisions"}],"wp:featuredmedia":[{"embeddable":true,"href":"https:\/\/www.distrettoaerospazialepiemonte.com\/en\/wp-json\/wp\/v2\/media\/7512"}],"wp:attachment":[{"href":"https:\/\/www.distrettoaerospazialepiemonte.com\/en\/wp-json\/wp\/v2\/media?parent=7518"}],"wp:term":[{"taxonomy":"category","embeddable":true,"href":"https:\/\/www.distrettoaerospazialepiemonte.com\/en\/wp-json\/wp\/v2\/categories?post=7518"},{"taxonomy":"post_tag","embeddable":true,"href":"https:\/\/www.distrettoaerospazialepiemonte.com\/en\/wp-json\/wp\/v2\/tags?post=7518"}],"curies":[{"name":"wp","href":"https:\/\/api.w.org\/{rel}","templated":true}]}}