{"id":8148,"date":"2025-05-28T17:15:06","date_gmt":"2025-05-28T15:15:06","guid":{"rendered":"https:\/\/www.distrettoaerospazialepiemonte.com\/events-news\/la-presidente-del-parlamento-europeo-roberta-metsola-in-visita-alle-grandi-aziende-che-caratterizzano-la-citta-dellaerospazio-di-torino\/"},"modified":"2025-05-29T09:51:47","modified_gmt":"2025-05-29T07:51:47","slug":"la-presidente-del-parlamento-europeo-roberta-metsola-in-visita-alle-grandi-aziende-che-caratterizzano-la-citta-dellaerospazio-di-torino","status":"publish","type":"post","link":"https:\/\/www.distrettoaerospazialepiemonte.com\/en\/events-news\/la-presidente-del-parlamento-europeo-roberta-metsola-in-visita-alle-grandi-aziende-che-caratterizzano-la-citta-dellaerospazio-di-torino\/","title":{"rendered":"La Presidente del Parlamento Europeo Roberta Metsola in visita alle grandi aziende che caratterizzano la  \u201cCitt\u00e0 dell\u2019Aerospazio\u201d di Torino"},"content":{"rendered":"<p><strong>Il 28 maggio<\/strong> a <strong>Torino<\/strong>, nel quadro di una visita alla Regione Piemonte, il <strong>Presidente della Regione Piemonte Alberto Cirio e all\u2019Assessore alle Attivit\u00e0 produttive Andrea Tronzano<\/strong>, accompagnati dalla <strong>nostra presidente Fulvia Quagliotti <\/strong>e dal Presidente di Leonardo, Stefano Pontecorvo, dal Responsabile della Business Unit Velivoli di Leonardo, Dario Marf\u00e9, dal Responsabile del Sito di Torino e Vice Presidente del Dominio Esplorazione e Scienza di Thales Alenia Space, Walter Cugno, dal Presidente di Altec, Fabio Massimo Grimaldi, dall\u2019Amministratore Delegato di Altec, Vincenzo Giorgio, dalla Vicerettrice per l\u2019innovazione scientifica e tecnologica del Politecnico di Torino, Giuliana Mattiazzo, dal Rettore dell\u2019Universit\u00e0 di Torino, Stefano Geuna, dal Responsabile area tecnologie, innovazione e ricerca di Unione Industriali Torino, Guido Ceresole e dal Vicepresidente API Torino, Alberto Russo, hanno presentato alla <strong>Presidente del Parlamento Europeo Roberta Metsola<\/strong> le <strong>grandi potenzialit<\/strong><strong>\u00e0 <\/strong><strong>dell<\/strong><strong>\u2019<\/strong><strong>aerospazio in Piemonte<\/strong>, un comparto industriale strategico dove tradizione, competenze distintive e innovazione si uniscono per offrire ai principali attori internazionali e sui mercati globali un contributo importante e di qualit\u00e0. La filiera piemontese \u00e8 infatti completa e si distingue per il suo know-how, le capacit\u00e0 tecniche e la manifattura di alto livello.<\/p>\n<p>La visita all\u2019area<strong> tra corso Marche e corso Francia<\/strong> che ospiter\u00e0 la nascente <strong>\u201cCitt\u00e0 dell\u2019Aerospazio\u201d<\/strong> \u00e8 iniziata presso il sito di <strong>Leonardo<\/strong>. Nello stabilimento di corso Francia, centro di eccellenza internazionale per la produzione e l\u2019innovazione, Roberta Metsola ha potuto esplorare il \u201cPC2Lab\u201d (Product Capability and Concept Laboratory) di Leonardo, dove digitalizzazione e supercalcolo abilitano un nuovo paradigma nella progettazione aeronautica. Fin dalle fasi iniziali di studio, il laboratorio supporta lo sviluppo di velivoli di nuova generazione attraverso la prototipazione virtuale. Grazie all\u2019impiego di gemelli digitali (<em>digital twin<\/em>) e a complesse sperimentazioni algoritmiche in ambienti operativi simulati, il PC2Lab consente di anticipare e controllare il complesso processo di sviluppo dei nuovi sistemi e di definirne caratteristiche e configurazioni ben prima della loro sperimentazione in volo.<\/p>\n<p>La visita \u00e8 poi proseguita nell\u2019area Space Home di <strong>Thales Alenia Space<\/strong> (<strong>joint venture tra Thales e Leonardo<\/strong>), dove \u00e8 ospitata la riproduzione di un modulo abitativo spaziale, casa degli astronauti in orbita bassa terrestre e ambiente di studio delle future soluzioni abitative per lo spazio profondo.<\/p>\n<p>Prima di lasciare corso Marche la Presidente Metsola ha visitato presso <strong>Altec<\/strong> (<strong>joint venture tra Thales Alenia Space e l\u2019Agenzia Spaziale Italiana<\/strong>) il <strong>ROC<\/strong>C (<strong>Rover Operations Control Centre<\/strong>), dove verranno pianificate, monitorate, comandate e controllate le operazioni del Rover della missione ExoMars 2028. Il centro ospita la riproduzione del suolo marziano realizzata per testare il Rover. Questa infrastruttura di prova, chiamata &#8220;Mars Terrain Simulator&#8221;, ha dimensioni di 20 metri per 16 e simula le rocce e la sabbia presenti sulla superficie marziana.<\/p>\n<p>&nbsp;<\/p>\n<div id='gallery-1' class='gallery galleryid-8148 gallery-columns-4 gallery-size-thumbnail'><figure class='gallery-item'>\n\t\t\t<div class='gallery-icon landscape'>\n\t\t\t\t<a href='https:\/\/www.distrettoaerospazialepiemonte.com\/en\/27-2\/'><img loading=\"lazy\" decoding=\"async\" width=\"250\" height=\"250\" src=\"https:\/\/www.distrettoaerospazialepiemonte.com\/wp-content\/uploads\/2019\/10\/27-250x250.jpg\" class=\"attachment-thumbnail size-thumbnail\" alt=\"\" srcset=\"https:\/\/www.distrettoaerospazialepiemonte.com\/wp-content\/uploads\/2019\/10\/27-250x250.jpg 250w, https:\/\/www.distrettoaerospazialepiemonte.com\/wp-content\/uploads\/2019\/10\/27-69x69.jpg 69w\" sizes=\"auto, (max-width: 250px) 100vw, 250px\" \/><\/a>\n\t\t\t<\/div><\/figure><figure class='gallery-item'>\n\t\t\t<div class='gallery-icon landscape'>\n\t\t\t\t<a href='https:\/\/www.distrettoaerospazialepiemonte.com\/en\/20-2\/'><img loading=\"lazy\" decoding=\"async\" width=\"250\" height=\"250\" src=\"https:\/\/www.distrettoaerospazialepiemonte.com\/wp-content\/uploads\/2019\/10\/20-250x250.jpg\" class=\"attachment-thumbnail size-thumbnail\" alt=\"\" srcset=\"https:\/\/www.distrettoaerospazialepiemonte.com\/wp-content\/uploads\/2019\/10\/20-250x250.jpg 250w, https:\/\/www.distrettoaerospazialepiemonte.com\/wp-content\/uploads\/2019\/10\/20-69x69.jpg 69w\" sizes=\"auto, (max-width: 250px) 100vw, 250px\" \/><\/a>\n\t\t\t<\/div><\/figure><figure class='gallery-item'>\n\t\t\t<div class='gallery-icon landscape'>\n\t\t\t\t<a href='https:\/\/www.distrettoaerospazialepiemonte.com\/en\/18-2\/'><img loading=\"lazy\" decoding=\"async\" width=\"250\" height=\"250\" src=\"https:\/\/www.distrettoaerospazialepiemonte.com\/wp-content\/uploads\/2019\/10\/18-250x250.jpg\" class=\"attachment-thumbnail size-thumbnail\" alt=\"\" srcset=\"https:\/\/www.distrettoaerospazialepiemonte.com\/wp-content\/uploads\/2019\/10\/18-250x250.jpg 250w, https:\/\/www.distrettoaerospazialepiemonte.com\/wp-content\/uploads\/2019\/10\/18-69x69.jpg 69w\" sizes=\"auto, (max-width: 250px) 100vw, 250px\" \/><\/a>\n\t\t\t<\/div><\/figure><figure class='gallery-item'>\n\t\t\t<div class='gallery-icon landscape'>\n\t\t\t\t<a href='https:\/\/www.distrettoaerospazialepiemonte.com\/en\/16-2\/'><img loading=\"lazy\" decoding=\"async\" width=\"250\" height=\"250\" src=\"https:\/\/www.distrettoaerospazialepiemonte.com\/wp-content\/uploads\/2019\/10\/16-250x250.jpg\" class=\"attachment-thumbnail size-thumbnail\" alt=\"\" srcset=\"https:\/\/www.distrettoaerospazialepiemonte.com\/wp-content\/uploads\/2019\/10\/16-250x250.jpg 250w, https:\/\/www.distrettoaerospazialepiemonte.com\/wp-content\/uploads\/2019\/10\/16-69x69.jpg 69w\" sizes=\"auto, (max-width: 250px) 100vw, 250px\" \/><\/a>\n\t\t\t<\/div><\/figure><figure class='gallery-item'>\n\t\t\t<div class='gallery-icon landscape'>\n\t\t\t\t<a href='https:\/\/www.distrettoaerospazialepiemonte.com\/en\/15-2\/'><img loading=\"lazy\" decoding=\"async\" width=\"250\" height=\"250\" src=\"https:\/\/www.distrettoaerospazialepiemonte.com\/wp-content\/uploads\/2019\/10\/15-250x250.jpg\" class=\"attachment-thumbnail size-thumbnail\" alt=\"\" srcset=\"https:\/\/www.distrettoaerospazialepiemonte.com\/wp-content\/uploads\/2019\/10\/15-250x250.jpg 250w, https:\/\/www.distrettoaerospazialepiemonte.com\/wp-content\/uploads\/2019\/10\/15-69x69.jpg 69w\" sizes=\"auto, (max-width: 250px) 100vw, 250px\" \/><\/a>\n\t\t\t<\/div><\/figure><figure class='gallery-item'>\n\t\t\t<div class='gallery-icon landscape'>\n\t\t\t\t<a href='https:\/\/www.distrettoaerospazialepiemonte.com\/en\/5-3-2\/'><img loading=\"lazy\" decoding=\"async\" width=\"250\" height=\"250\" src=\"https:\/\/www.distrettoaerospazialepiemonte.com\/wp-content\/uploads\/2019\/10\/5-250x250.jpg\" class=\"attachment-thumbnail size-thumbnail\" alt=\"\" srcset=\"https:\/\/www.distrettoaerospazialepiemonte.com\/wp-content\/uploads\/2019\/10\/5-250x250.jpg 250w, https:\/\/www.distrettoaerospazialepiemonte.com\/wp-content\/uploads\/2019\/10\/5-69x69.jpg 69w\" sizes=\"auto, (max-width: 250px) 100vw, 250px\" \/><\/a>\n\t\t\t<\/div><\/figure><figure class='gallery-item'>\n\t\t\t<div class='gallery-icon landscape'>\n\t\t\t\t<a href='https:\/\/www.distrettoaerospazialepiemonte.com\/en\/4-3-2\/'><img loading=\"lazy\" decoding=\"async\" width=\"250\" height=\"250\" src=\"https:\/\/www.distrettoaerospazialepiemonte.com\/wp-content\/uploads\/2019\/10\/4-250x250.jpg\" class=\"attachment-thumbnail size-thumbnail\" alt=\"\" srcset=\"https:\/\/www.distrettoaerospazialepiemonte.com\/wp-content\/uploads\/2019\/10\/4-250x250.jpg 250w, https:\/\/www.distrettoaerospazialepiemonte.com\/wp-content\/uploads\/2019\/10\/4-69x69.jpg 69w\" sizes=\"auto, (max-width: 250px) 100vw, 250px\" \/><\/a>\n\t\t\t<\/div><\/figure><figure class='gallery-item'>\n\t\t\t<div class='gallery-icon landscape'>\n\t\t\t\t<a href='https:\/\/www.distrettoaerospazialepiemonte.com\/en\/2-5-2\/'><img loading=\"lazy\" decoding=\"async\" width=\"250\" height=\"250\" src=\"https:\/\/www.distrettoaerospazialepiemonte.com\/wp-content\/uploads\/2019\/10\/2-250x250.jpg\" class=\"attachment-thumbnail size-thumbnail\" alt=\"\" srcset=\"https:\/\/www.distrettoaerospazialepiemonte.com\/wp-content\/uploads\/2019\/10\/2-250x250.jpg 250w, https:\/\/www.distrettoaerospazialepiemonte.com\/wp-content\/uploads\/2019\/10\/2-69x69.jpg 69w\" sizes=\"auto, (max-width: 250px) 100vw, 250px\" \/><\/a>\n\t\t\t<\/div><\/figure>\n\t\t<\/div>\n\n<p>Durante la visita le autorit\u00e0 presenti hanno avuto modo di evidenziare<strong> i numeri del settore aerospazio in Piemonte &#8211; 450 aziende, grandi e PMI, che raggiungono un fatturato complessivo che supera gli 8 miliardi di euro con oltre 35.000 addetti<\/strong> &#8211; e puntualizzare l\u2019importanza, per le nuove sfide del settore, della nascente \u201cCitt\u00e0 dell\u2019Aerospazio\u201d, un grande progetto strategico d\u2019innovazione per la riqualificazione industriale della filiera, interamente dedicato al mondo dell\u2019Aeronautica e dello Spazio, che coinvolger\u00e0 sinergicamente in un luogo unico sia i maggiori\u00a0player\u00a0del settore, le piccole e medie imprese, le\u00a0start up, sia il mondo accademico, della formazione e della ricerca. La \u201cCitt\u00e0 dell\u2019Aerospazio\u201d rappresenter\u00e0 cos\u00ec il luogo in cui l\u2019eccellenza tecnologica e industriale si affianca al mondo accademico per creare un eco-sistema che rappresenta il volano verso la competitivit\u00e0 internazionale, per il Piemonte e per il nostro Paese.<\/p>\n<p><em>\u201cSostenibilit\u00e0 e green aviation, cybersecurity, space economy, advanced &amp; urban air mobility, Industria 5.0 e Intelligenza artificiale: sono alcuni dei temi che abbiamo indicato alla Presidente Metsola e che rappresentano le sfide delle grandi aziende e delle PMI piemontesi per i prossimi anni &#8211; <\/em>ha dichiarato <strong>Fulvia Quagliotti<\/strong><strong>\u00a0<\/strong><em>&#8211; La funzione del Distretto Aerospaziale Piemonte oltre a creare occasioni di collaborazione tra PMI e grandi aziende, \u00e8 far incontrare i diversi settori dove si sviluppa l\u2019innovazione, elemento fondamentale per rafforzare l\u2019evoluzione dell\u2019ecosistema di tecnologie, e i processi d\u2019internazionalizzazione. La collaborazione porta ad immaginare il prodotto futuro ed a stimolare la supply chain a essere parte di questi processi dove tutti i player della catena del valore devono portare i loro contributi al fine di favorire l\u2019introduzione di nuove tecnologie per il futuro. La \u201cCitt\u00e0 dell\u2019Aerospazio\u201d rappresenta il luogo in cui l\u2019eccellenza tecnologica e industriale si affianca al mondo accademico per creare un eco-sistema che rappresenta il volano verso la competitivit\u00e0 internazionale, per il Piemonte, il nostro Paese e l\u2019Europa\u201d.<\/em><\/p>\n<p><strong><a href=\"https:\/\/www.distrettoaerospazialepiemonte.com\/wp-content\/uploads\/2019\/10\/VISITA-METSOLA-AEROSPAZIO-TORINO.pdf\">Il Comunicato stampa<\/a><\/strong><\/p>\n<p>&nbsp;<\/p>\n<p><iframe loading=\"lazy\" title=\"YouTube video player\" src=\"https:\/\/www.youtube.com\/embed\/70LmMvVj5sY?si=KuqrfO4LFCHbCChi\" width=\"560\" height=\"315\" frameborder=\"0\" allowfullscreen=\"allowfullscreen\"><\/iframe><\/p>\n","protected":false},"excerpt":{"rendered":"<p>Il 28 maggio a Torino, nel quadro di una visita alla Regione Piemonte, il Presidente della Regione Piemonte Alberto Cirio e all\u2019Assessore alle Attivit\u00e0 produttive Andrea Tronzano, accompagnati dalla nostra presidente Fulvia Quagliotti e dal Presidente di Leonardo, Stefano Pontecorvo, dal Responsabile della Business Unit Velivoli di Leonardo, Dario Marf\u00e9, dal Responsabile del Sito di [&hellip;]<\/p>\n","protected":false},"author":2,"featured_media":8150,"comment_status":"closed","ping_status":"closed","sticky":false,"template":"","format":"standard","meta":{"_acf_changed":false,"footnotes":""},"categories":[63],"tags":[],"class_list":["post-8148","post","type-post","status-publish","format-standard","has-post-thumbnail","hentry","category-events-news"],"acf":[],"yoast_head":"<!-- This site is optimized with the Yoast SEO plugin v27.5 - https:\/\/yoast.com\/product\/yoast-seo-wordpress\/ -->\n<title>La Presidente del Parlamento Europeo Roberta Metsola in visita alle grandi aziende che caratterizzano la \u201cCitt\u00e0 dell\u2019Aerospazio\u201d di Torino - Distretto aerospaziale piemonte<\/title>\n<meta name=\"robots\" content=\"index, follow, max-snippet:-1, max-image-preview:large, max-video-preview:-1\" \/>\n<link rel=\"canonical\" href=\"https:\/\/www.distrettoaerospazialepiemonte.com\/en\/events-news\/la-presidente-del-parlamento-europeo-roberta-metsola-in-visita-alle-grandi-aziende-che-caratterizzano-la-citta-dellaerospazio-di-torino\/\" \/>\n<meta property=\"og:locale\" content=\"en_US\" \/>\n<meta property=\"og:type\" content=\"article\" \/>\n<meta property=\"og:title\" content=\"La Presidente del Parlamento Europeo Roberta Metsola in visita alle grandi aziende che caratterizzano la \u201cCitt\u00e0 dell\u2019Aerospazio\u201d di Torino - Distretto aerospaziale piemonte\" \/>\n<meta property=\"og:description\" content=\"Il 28 maggio a Torino, nel quadro di una visita alla Regione Piemonte, il Presidente della Regione Piemonte Alberto Cirio e all\u2019Assessore alle Attivit\u00e0 produttive Andrea Tronzano, accompagnati dalla nostra presidente Fulvia Quagliotti e dal Presidente di Leonardo, Stefano Pontecorvo, dal Responsabile della Business Unit Velivoli di Leonardo, Dario Marf\u00e9, dal Responsabile del Sito di [&hellip;]\" \/>\n<meta property=\"og:url\" content=\"https:\/\/www.distrettoaerospazialepiemonte.com\/en\/events-news\/la-presidente-del-parlamento-europeo-roberta-metsola-in-visita-alle-grandi-aziende-che-caratterizzano-la-citta-dellaerospazio-di-torino\/\" \/>\n<meta property=\"og:site_name\" content=\"Distretto aerospaziale piemonte\" \/>\n<meta property=\"article:published_time\" content=\"2025-05-28T15:15:06+00:00\" \/>\n<meta property=\"article:modified_time\" content=\"2025-05-29T07:51:47+00:00\" \/>\n<meta property=\"og:image\" content=\"https:\/\/www.distrettoaerospazialepiemonte.com\/wp-content\/uploads\/2019\/10\/2-scaled.jpg\" \/>\n\t<meta property=\"og:image:width\" content=\"2560\" \/>\n\t<meta property=\"og:image:height\" content=\"1440\" \/>\n\t<meta property=\"og:image:type\" content=\"image\/jpeg\" \/>\n<meta name=\"author\" content=\"Anna Zampolini\" \/>\n<meta name=\"twitter:card\" content=\"summary_large_image\" \/>\n<meta name=\"twitter:label1\" content=\"Written by\" \/>\n\t<meta name=\"twitter:data1\" content=\"Anna Zampolini\" \/>\n\t<meta name=\"twitter:label2\" content=\"Est. reading time\" \/>\n\t<meta name=\"twitter:data2\" content=\"5 minutes\" \/>\n<script type=\"application\/ld+json\" class=\"yoast-schema-graph\">{\"@context\":\"https:\\\/\\\/schema.org\",\"@graph\":[{\"@type\":\"Article\",\"@id\":\"https:\\\/\\\/www.distrettoaerospazialepiemonte.com\\\/en\\\/events-news\\\/la-presidente-del-parlamento-europeo-roberta-metsola-in-visita-alle-grandi-aziende-che-caratterizzano-la-citta-dellaerospazio-di-torino\\\/#article\",\"isPartOf\":{\"@id\":\"https:\\\/\\\/www.distrettoaerospazialepiemonte.com\\\/en\\\/events-news\\\/la-presidente-del-parlamento-europeo-roberta-metsola-in-visita-alle-grandi-aziende-che-caratterizzano-la-citta-dellaerospazio-di-torino\\\/\"},\"author\":{\"name\":\"Anna Zampolini\",\"@id\":\"https:\\\/\\\/www.distrettoaerospazialepiemonte.com\\\/en\\\/#\\\/schema\\\/person\\\/b67d683ffbbae33fcc07105c75d162bc\"},\"headline\":\"La Presidente del Parlamento Europeo Roberta Metsola in visita alle grandi aziende che caratterizzano la \u201cCitt\u00e0 dell\u2019Aerospazio\u201d di Torino\",\"datePublished\":\"2025-05-28T15:15:06+00:00\",\"dateModified\":\"2025-05-29T07:51:47+00:00\",\"mainEntityOfPage\":{\"@id\":\"https:\\\/\\\/www.distrettoaerospazialepiemonte.com\\\/en\\\/events-news\\\/la-presidente-del-parlamento-europeo-roberta-metsola-in-visita-alle-grandi-aziende-che-caratterizzano-la-citta-dellaerospazio-di-torino\\\/\"},\"wordCount\":794,\"publisher\":{\"@id\":\"https:\\\/\\\/www.distrettoaerospazialepiemonte.com\\\/en\\\/#organization\"},\"image\":{\"@id\":\"https:\\\/\\\/www.distrettoaerospazialepiemonte.com\\\/en\\\/events-news\\\/la-presidente-del-parlamento-europeo-roberta-metsola-in-visita-alle-grandi-aziende-che-caratterizzano-la-citta-dellaerospazio-di-torino\\\/#primaryimage\"},\"thumbnailUrl\":\"https:\\\/\\\/www.distrettoaerospazialepiemonte.com\\\/wp-content\\\/uploads\\\/2019\\\/10\\\/2-scaled.jpg\",\"articleSection\":[\"Events and news\"],\"inLanguage\":\"en-US\"},{\"@type\":\"WebPage\",\"@id\":\"https:\\\/\\\/www.distrettoaerospazialepiemonte.com\\\/en\\\/events-news\\\/la-presidente-del-parlamento-europeo-roberta-metsola-in-visita-alle-grandi-aziende-che-caratterizzano-la-citta-dellaerospazio-di-torino\\\/\",\"url\":\"https:\\\/\\\/www.distrettoaerospazialepiemonte.com\\\/en\\\/events-news\\\/la-presidente-del-parlamento-europeo-roberta-metsola-in-visita-alle-grandi-aziende-che-caratterizzano-la-citta-dellaerospazio-di-torino\\\/\",\"name\":\"La Presidente del Parlamento Europeo Roberta Metsola in visita alle grandi aziende che caratterizzano la \u201cCitt\u00e0 dell\u2019Aerospazio\u201d di Torino - Distretto aerospaziale piemonte\",\"isPartOf\":{\"@id\":\"https:\\\/\\\/www.distrettoaerospazialepiemonte.com\\\/en\\\/#website\"},\"primaryImageOfPage\":{\"@id\":\"https:\\\/\\\/www.distrettoaerospazialepiemonte.com\\\/en\\\/events-news\\\/la-presidente-del-parlamento-europeo-roberta-metsola-in-visita-alle-grandi-aziende-che-caratterizzano-la-citta-dellaerospazio-di-torino\\\/#primaryimage\"},\"image\":{\"@id\":\"https:\\\/\\\/www.distrettoaerospazialepiemonte.com\\\/en\\\/events-news\\\/la-presidente-del-parlamento-europeo-roberta-metsola-in-visita-alle-grandi-aziende-che-caratterizzano-la-citta-dellaerospazio-di-torino\\\/#primaryimage\"},\"thumbnailUrl\":\"https:\\\/\\\/www.distrettoaerospazialepiemonte.com\\\/wp-content\\\/uploads\\\/2019\\\/10\\\/2-scaled.jpg\",\"datePublished\":\"2025-05-28T15:15:06+00:00\",\"dateModified\":\"2025-05-29T07:51:47+00:00\",\"breadcrumb\":{\"@id\":\"https:\\\/\\\/www.distrettoaerospazialepiemonte.com\\\/en\\\/events-news\\\/la-presidente-del-parlamento-europeo-roberta-metsola-in-visita-alle-grandi-aziende-che-caratterizzano-la-citta-dellaerospazio-di-torino\\\/#breadcrumb\"},\"inLanguage\":\"en-US\",\"potentialAction\":[{\"@type\":\"ReadAction\",\"target\":[\"https:\\\/\\\/www.distrettoaerospazialepiemonte.com\\\/en\\\/events-news\\\/la-presidente-del-parlamento-europeo-roberta-metsola-in-visita-alle-grandi-aziende-che-caratterizzano-la-citta-dellaerospazio-di-torino\\\/\"]}]},{\"@type\":\"ImageObject\",\"inLanguage\":\"en-US\",\"@id\":\"https:\\\/\\\/www.distrettoaerospazialepiemonte.com\\\/en\\\/events-news\\\/la-presidente-del-parlamento-europeo-roberta-metsola-in-visita-alle-grandi-aziende-che-caratterizzano-la-citta-dellaerospazio-di-torino\\\/#primaryimage\",\"url\":\"https:\\\/\\\/www.distrettoaerospazialepiemonte.com\\\/wp-content\\\/uploads\\\/2019\\\/10\\\/2-scaled.jpg\",\"contentUrl\":\"https:\\\/\\\/www.distrettoaerospazialepiemonte.com\\\/wp-content\\\/uploads\\\/2019\\\/10\\\/2-scaled.jpg\",\"width\":2560,\"height\":1440},{\"@type\":\"BreadcrumbList\",\"@id\":\"https:\\\/\\\/www.distrettoaerospazialepiemonte.com\\\/en\\\/events-news\\\/la-presidente-del-parlamento-europeo-roberta-metsola-in-visita-alle-grandi-aziende-che-caratterizzano-la-citta-dellaerospazio-di-torino\\\/#breadcrumb\",\"itemListElement\":[{\"@type\":\"ListItem\",\"position\":1,\"name\":\"Home\",\"item\":\"https:\\\/\\\/www.distrettoaerospazialepiemonte.com\\\/en\\\/\"},{\"@type\":\"ListItem\",\"position\":2,\"name\":\"La Presidente del Parlamento Europeo Roberta Metsola in visita alle grandi aziende che caratterizzano la \u201cCitt\u00e0 dell\u2019Aerospazio\u201d di Torino\"}]},{\"@type\":\"WebSite\",\"@id\":\"https:\\\/\\\/www.distrettoaerospazialepiemonte.com\\\/en\\\/#website\",\"url\":\"https:\\\/\\\/www.distrettoaerospazialepiemonte.com\\\/en\\\/\",\"name\":\"Distretto aerospaziale piemonte\",\"description\":\"DAP\",\"publisher\":{\"@id\":\"https:\\\/\\\/www.distrettoaerospazialepiemonte.com\\\/en\\\/#organization\"},\"potentialAction\":[{\"@type\":\"SearchAction\",\"target\":{\"@type\":\"EntryPoint\",\"urlTemplate\":\"https:\\\/\\\/www.distrettoaerospazialepiemonte.com\\\/en\\\/?s={search_term_string}\"},\"query-input\":{\"@type\":\"PropertyValueSpecification\",\"valueRequired\":true,\"valueName\":\"search_term_string\"}}],\"inLanguage\":\"en-US\"},{\"@type\":\"Organization\",\"@id\":\"https:\\\/\\\/www.distrettoaerospazialepiemonte.com\\\/en\\\/#organization\",\"name\":\"Distretto Aerospaziale Piemonte\",\"url\":\"https:\\\/\\\/www.distrettoaerospazialepiemonte.com\\\/en\\\/\",\"logo\":{\"@type\":\"ImageObject\",\"inLanguage\":\"en-US\",\"@id\":\"https:\\\/\\\/www.distrettoaerospazialepiemonte.com\\\/en\\\/#\\\/schema\\\/logo\\\/image\\\/\",\"url\":\"https:\\\/\\\/www.distrettoaerospazialepiemonte.com\\\/wp-content\\\/uploads\\\/2019\\\/12\\\/logoNoScritta.png\",\"contentUrl\":\"https:\\\/\\\/www.distrettoaerospazialepiemonte.com\\\/wp-content\\\/uploads\\\/2019\\\/12\\\/logoNoScritta.png\",\"width\":250,\"height\":125,\"caption\":\"Distretto Aerospaziale Piemonte\"},\"image\":{\"@id\":\"https:\\\/\\\/www.distrettoaerospazialepiemonte.com\\\/en\\\/#\\\/schema\\\/logo\\\/image\\\/\"}},{\"@type\":\"Person\",\"@id\":\"https:\\\/\\\/www.distrettoaerospazialepiemonte.com\\\/en\\\/#\\\/schema\\\/person\\\/b67d683ffbbae33fcc07105c75d162bc\",\"name\":\"Anna Zampolini\",\"image\":{\"@type\":\"ImageObject\",\"inLanguage\":\"en-US\",\"@id\":\"https:\\\/\\\/secure.gravatar.com\\\/avatar\\\/e790b1cbe9ff37ab22178feeb6a03d3aad2414f89da70efa4f70357ac368a5ac?s=96&d=mm&r=g\",\"url\":\"https:\\\/\\\/secure.gravatar.com\\\/avatar\\\/e790b1cbe9ff37ab22178feeb6a03d3aad2414f89da70efa4f70357ac368a5ac?s=96&d=mm&r=g\",\"contentUrl\":\"https:\\\/\\\/secure.gravatar.com\\\/avatar\\\/e790b1cbe9ff37ab22178feeb6a03d3aad2414f89da70efa4f70357ac368a5ac?s=96&d=mm&r=g\",\"caption\":\"Anna Zampolini\"}}]}<\/script>\n<!-- \/ Yoast SEO plugin. -->","yoast_head_json":{"title":"La Presidente del Parlamento Europeo Roberta Metsola in visita alle grandi aziende che caratterizzano la \u201cCitt\u00e0 dell\u2019Aerospazio\u201d di Torino - Distretto aerospaziale piemonte","robots":{"index":"index","follow":"follow","max-snippet":"max-snippet:-1","max-image-preview":"max-image-preview:large","max-video-preview":"max-video-preview:-1"},"canonical":"https:\/\/www.distrettoaerospazialepiemonte.com\/en\/events-news\/la-presidente-del-parlamento-europeo-roberta-metsola-in-visita-alle-grandi-aziende-che-caratterizzano-la-citta-dellaerospazio-di-torino\/","og_locale":"en_US","og_type":"article","og_title":"La Presidente del Parlamento Europeo Roberta Metsola in visita alle grandi aziende che caratterizzano la \u201cCitt\u00e0 dell\u2019Aerospazio\u201d di Torino - Distretto aerospaziale piemonte","og_description":"Il 28 maggio a Torino, nel quadro di una visita alla Regione Piemonte, il Presidente della Regione Piemonte Alberto Cirio e all\u2019Assessore alle Attivit\u00e0 produttive Andrea Tronzano, accompagnati dalla nostra presidente Fulvia Quagliotti e dal Presidente di Leonardo, Stefano Pontecorvo, dal Responsabile della Business Unit Velivoli di Leonardo, Dario Marf\u00e9, dal Responsabile del Sito di [&hellip;]","og_url":"https:\/\/www.distrettoaerospazialepiemonte.com\/en\/events-news\/la-presidente-del-parlamento-europeo-roberta-metsola-in-visita-alle-grandi-aziende-che-caratterizzano-la-citta-dellaerospazio-di-torino\/","og_site_name":"Distretto aerospaziale piemonte","article_published_time":"2025-05-28T15:15:06+00:00","article_modified_time":"2025-05-29T07:51:47+00:00","og_image":[{"width":2560,"height":1440,"url":"https:\/\/www.distrettoaerospazialepiemonte.com\/wp-content\/uploads\/2019\/10\/2-scaled.jpg","type":"image\/jpeg"}],"author":"Anna Zampolini","twitter_card":"summary_large_image","twitter_misc":{"Written by":"Anna Zampolini","Est. reading time":"5 minutes"},"schema":{"@context":"https:\/\/schema.org","@graph":[{"@type":"Article","@id":"https:\/\/www.distrettoaerospazialepiemonte.com\/en\/events-news\/la-presidente-del-parlamento-europeo-roberta-metsola-in-visita-alle-grandi-aziende-che-caratterizzano-la-citta-dellaerospazio-di-torino\/#article","isPartOf":{"@id":"https:\/\/www.distrettoaerospazialepiemonte.com\/en\/events-news\/la-presidente-del-parlamento-europeo-roberta-metsola-in-visita-alle-grandi-aziende-che-caratterizzano-la-citta-dellaerospazio-di-torino\/"},"author":{"name":"Anna Zampolini","@id":"https:\/\/www.distrettoaerospazialepiemonte.com\/en\/#\/schema\/person\/b67d683ffbbae33fcc07105c75d162bc"},"headline":"La Presidente del Parlamento Europeo Roberta Metsola in visita alle grandi aziende che caratterizzano la \u201cCitt\u00e0 dell\u2019Aerospazio\u201d di Torino","datePublished":"2025-05-28T15:15:06+00:00","dateModified":"2025-05-29T07:51:47+00:00","mainEntityOfPage":{"@id":"https:\/\/www.distrettoaerospazialepiemonte.com\/en\/events-news\/la-presidente-del-parlamento-europeo-roberta-metsola-in-visita-alle-grandi-aziende-che-caratterizzano-la-citta-dellaerospazio-di-torino\/"},"wordCount":794,"publisher":{"@id":"https:\/\/www.distrettoaerospazialepiemonte.com\/en\/#organization"},"image":{"@id":"https:\/\/www.distrettoaerospazialepiemonte.com\/en\/events-news\/la-presidente-del-parlamento-europeo-roberta-metsola-in-visita-alle-grandi-aziende-che-caratterizzano-la-citta-dellaerospazio-di-torino\/#primaryimage"},"thumbnailUrl":"https:\/\/www.distrettoaerospazialepiemonte.com\/wp-content\/uploads\/2019\/10\/2-scaled.jpg","articleSection":["Events and news"],"inLanguage":"en-US"},{"@type":"WebPage","@id":"https:\/\/www.distrettoaerospazialepiemonte.com\/en\/events-news\/la-presidente-del-parlamento-europeo-roberta-metsola-in-visita-alle-grandi-aziende-che-caratterizzano-la-citta-dellaerospazio-di-torino\/","url":"https:\/\/www.distrettoaerospazialepiemonte.com\/en\/events-news\/la-presidente-del-parlamento-europeo-roberta-metsola-in-visita-alle-grandi-aziende-che-caratterizzano-la-citta-dellaerospazio-di-torino\/","name":"La Presidente del Parlamento Europeo Roberta Metsola in visita alle grandi aziende che caratterizzano la \u201cCitt\u00e0 dell\u2019Aerospazio\u201d di Torino - Distretto aerospaziale piemonte","isPartOf":{"@id":"https:\/\/www.distrettoaerospazialepiemonte.com\/en\/#website"},"primaryImageOfPage":{"@id":"https:\/\/www.distrettoaerospazialepiemonte.com\/en\/events-news\/la-presidente-del-parlamento-europeo-roberta-metsola-in-visita-alle-grandi-aziende-che-caratterizzano-la-citta-dellaerospazio-di-torino\/#primaryimage"},"image":{"@id":"https:\/\/www.distrettoaerospazialepiemonte.com\/en\/events-news\/la-presidente-del-parlamento-europeo-roberta-metsola-in-visita-alle-grandi-aziende-che-caratterizzano-la-citta-dellaerospazio-di-torino\/#primaryimage"},"thumbnailUrl":"https:\/\/www.distrettoaerospazialepiemonte.com\/wp-content\/uploads\/2019\/10\/2-scaled.jpg","datePublished":"2025-05-28T15:15:06+00:00","dateModified":"2025-05-29T07:51:47+00:00","breadcrumb":{"@id":"https:\/\/www.distrettoaerospazialepiemonte.com\/en\/events-news\/la-presidente-del-parlamento-europeo-roberta-metsola-in-visita-alle-grandi-aziende-che-caratterizzano-la-citta-dellaerospazio-di-torino\/#breadcrumb"},"inLanguage":"en-US","potentialAction":[{"@type":"ReadAction","target":["https:\/\/www.distrettoaerospazialepiemonte.com\/en\/events-news\/la-presidente-del-parlamento-europeo-roberta-metsola-in-visita-alle-grandi-aziende-che-caratterizzano-la-citta-dellaerospazio-di-torino\/"]}]},{"@type":"ImageObject","inLanguage":"en-US","@id":"https:\/\/www.distrettoaerospazialepiemonte.com\/en\/events-news\/la-presidente-del-parlamento-europeo-roberta-metsola-in-visita-alle-grandi-aziende-che-caratterizzano-la-citta-dellaerospazio-di-torino\/#primaryimage","url":"https:\/\/www.distrettoaerospazialepiemonte.com\/wp-content\/uploads\/2019\/10\/2-scaled.jpg","contentUrl":"https:\/\/www.distrettoaerospazialepiemonte.com\/wp-content\/uploads\/2019\/10\/2-scaled.jpg","width":2560,"height":1440},{"@type":"BreadcrumbList","@id":"https:\/\/www.distrettoaerospazialepiemonte.com\/en\/events-news\/la-presidente-del-parlamento-europeo-roberta-metsola-in-visita-alle-grandi-aziende-che-caratterizzano-la-citta-dellaerospazio-di-torino\/#breadcrumb","itemListElement":[{"@type":"ListItem","position":1,"name":"Home","item":"https:\/\/www.distrettoaerospazialepiemonte.com\/en\/"},{"@type":"ListItem","position":2,"name":"La Presidente del Parlamento Europeo Roberta Metsola in visita alle grandi aziende che caratterizzano la \u201cCitt\u00e0 dell\u2019Aerospazio\u201d di Torino"}]},{"@type":"WebSite","@id":"https:\/\/www.distrettoaerospazialepiemonte.com\/en\/#website","url":"https:\/\/www.distrettoaerospazialepiemonte.com\/en\/","name":"Distretto aerospaziale piemonte","description":"DAP","publisher":{"@id":"https:\/\/www.distrettoaerospazialepiemonte.com\/en\/#organization"},"potentialAction":[{"@type":"SearchAction","target":{"@type":"EntryPoint","urlTemplate":"https:\/\/www.distrettoaerospazialepiemonte.com\/en\/?s={search_term_string}"},"query-input":{"@type":"PropertyValueSpecification","valueRequired":true,"valueName":"search_term_string"}}],"inLanguage":"en-US"},{"@type":"Organization","@id":"https:\/\/www.distrettoaerospazialepiemonte.com\/en\/#organization","name":"Distretto Aerospaziale Piemonte","url":"https:\/\/www.distrettoaerospazialepiemonte.com\/en\/","logo":{"@type":"ImageObject","inLanguage":"en-US","@id":"https:\/\/www.distrettoaerospazialepiemonte.com\/en\/#\/schema\/logo\/image\/","url":"https:\/\/www.distrettoaerospazialepiemonte.com\/wp-content\/uploads\/2019\/12\/logoNoScritta.png","contentUrl":"https:\/\/www.distrettoaerospazialepiemonte.com\/wp-content\/uploads\/2019\/12\/logoNoScritta.png","width":250,"height":125,"caption":"Distretto Aerospaziale Piemonte"},"image":{"@id":"https:\/\/www.distrettoaerospazialepiemonte.com\/en\/#\/schema\/logo\/image\/"}},{"@type":"Person","@id":"https:\/\/www.distrettoaerospazialepiemonte.com\/en\/#\/schema\/person\/b67d683ffbbae33fcc07105c75d162bc","name":"Anna Zampolini","image":{"@type":"ImageObject","inLanguage":"en-US","@id":"https:\/\/secure.gravatar.com\/avatar\/e790b1cbe9ff37ab22178feeb6a03d3aad2414f89da70efa4f70357ac368a5ac?s=96&d=mm&r=g","url":"https:\/\/secure.gravatar.com\/avatar\/e790b1cbe9ff37ab22178feeb6a03d3aad2414f89da70efa4f70357ac368a5ac?s=96&d=mm&r=g","contentUrl":"https:\/\/secure.gravatar.com\/avatar\/e790b1cbe9ff37ab22178feeb6a03d3aad2414f89da70efa4f70357ac368a5ac?s=96&d=mm&r=g","caption":"Anna Zampolini"}}]}},"_links":{"self":[{"href":"https:\/\/www.distrettoaerospazialepiemonte.com\/en\/wp-json\/wp\/v2\/posts\/8148","targetHints":{"allow":["GET"]}}],"collection":[{"href":"https:\/\/www.distrettoaerospazialepiemonte.com\/en\/wp-json\/wp\/v2\/posts"}],"about":[{"href":"https:\/\/www.distrettoaerospazialepiemonte.com\/en\/wp-json\/wp\/v2\/types\/post"}],"author":[{"embeddable":true,"href":"https:\/\/www.distrettoaerospazialepiemonte.com\/en\/wp-json\/wp\/v2\/users\/2"}],"replies":[{"embeddable":true,"href":"https:\/\/www.distrettoaerospazialepiemonte.com\/en\/wp-json\/wp\/v2\/comments?post=8148"}],"version-history":[{"count":2,"href":"https:\/\/www.distrettoaerospazialepiemonte.com\/en\/wp-json\/wp\/v2\/posts\/8148\/revisions"}],"predecessor-version":[{"id":8171,"href":"https:\/\/www.distrettoaerospazialepiemonte.com\/en\/wp-json\/wp\/v2\/posts\/8148\/revisions\/8171"}],"wp:featuredmedia":[{"embeddable":true,"href":"https:\/\/www.distrettoaerospazialepiemonte.com\/en\/wp-json\/wp\/v2\/media\/8150"}],"wp:attachment":[{"href":"https:\/\/www.distrettoaerospazialepiemonte.com\/en\/wp-json\/wp\/v2\/media?parent=8148"}],"wp:term":[{"taxonomy":"category","embeddable":true,"href":"https:\/\/www.distrettoaerospazialepiemonte.com\/en\/wp-json\/wp\/v2\/categories?post=8148"},{"taxonomy":"post_tag","embeddable":true,"href":"https:\/\/www.distrettoaerospazialepiemonte.com\/en\/wp-json\/wp\/v2\/tags?post=8148"}],"curies":[{"name":"wp","href":"https:\/\/api.w.org\/{rel}","templated":true}]}}