{"id":8234,"date":"2025-06-25T16:52:53","date_gmt":"2025-06-25T14:52:53","guid":{"rendered":"https:\/\/www.distrettoaerospazialepiemonte.com\/events-news\/assemblea-degli-associati-del-distretto-aerospaziale-piemonte-termina-dopo-tre-anni-il-suo-mandato-fulvia-quagliotti-proclamato-il-nuovo-presidente-maurizio-de-mitri-e-il-direttivo\/"},"modified":"2025-06-26T09:42:35","modified_gmt":"2025-06-26T07:42:35","slug":"assemblea-degli-associati-del-distretto-aerospaziale-piemonte-termina-dopo-tre-anni-il-suo-mandato-fulvia-quagliotti-proclamato-il-nuovo-presidente-maurizio-de-mitri-e-il-direttivo","status":"publish","type":"post","link":"https:\/\/www.distrettoaerospazialepiemonte.com\/en\/events-news\/assemblea-degli-associati-del-distretto-aerospaziale-piemonte-termina-dopo-tre-anni-il-suo-mandato-fulvia-quagliotti-proclamato-il-nuovo-presidente-maurizio-de-mitri-e-il-direttivo\/","title":{"rendered":"Assemblea degli Associati del Distretto Aerospaziale Piemonte. Termina dopo tre anni il suo mandato Fulvia Quagliotti. Proclamato il nuovo Presidente Maurizio De Mitri e il direttivo."},"content":{"rendered":"<p><span style=\"font-size: 12.0pt;\">Si \u00e8 svolta il 25 giugno 2025 l\u2019<strong>Assemblea del Distretto Aerospaziale Piemonte<\/strong>, alla presenza dell\u2019<strong>Assessore allo Sviluppo delle Attivit\u00e0 Produttive della Regione Piemonte Andrea Tronzano<\/strong>, presso l\u2019Aula Magna della sede Lingotto del Politecnico di Torino, che al termine della relazione del Presidente Fulvia Quagliotti,<strong> ha approvato all\u2019unanimit\u00e0 il Bilancio consuntivo 2024<\/strong>.<\/span><\/p>\n<p><span style=\"font-size: 12.0pt;\">L\u2019Assemblea ha deliberato poi la definizione del numero dei componenti del Consiglio Direttivo e la relativa nomina e ha proceduto alla <strong>nomina del nuovo Presidente del Distretto Aerospaziale Piemonte (DAP)<\/strong> e di un <strong>Vice Presidente<\/strong> indicato dalla Regione Piemonte. In Assemblea il Presidente uscente <b>Fulvia Quagliotti<\/b>, giunta al termine del mandato di tre anni, ha ripercorso le tappe dell\u2019attivit\u00e0 svolta mettendo in evidenza l\u2019importante crescita degli associati. <\/span><\/p>\n<p><b><span style=\"font-size: 12.0pt;\">Maurizio De Mitri<\/span><\/b><span style=\"font-size: 12.0pt;\"> ingegnere aeronautico, ex manager Leonardo, nel board del consorzio Eurofighter, direttore generale di Leonardo International e in questi ultimi anni amministratore delegato di Leonardo Germany, \u00e8 stato designato nuovo Presidente del Distretto Aerospaziale Piemonte e ad affiancarlo ci sar\u00e0 <b>Andrea Romiti <\/b>Ceo di APR gi\u00e0 Vice Presidente DAP indicato dalla Regione Piemonte e in attesa del primo consiglio direttivo per conoscere il Vice Presidente nominato dalle Grandi Imprese e dalle PMI.<\/span><\/p>\n<p><span style=\"font-size: 12.0pt;\">L\u2019Assemblea ha provveduto alla designazione del nuovo Direttivo che rimarr\u00e0 in carica per i prossimi tre anni e sar\u00e0 cos\u00ec composto da:<\/span><\/p>\n<p><span style=\"font-size: 12.0pt;\"><b>Maurizio De Mitri <\/b>Presidente Distretto Aerospaziale Piemonte<\/span><\/p>\n<p><span style=\"font-size: 12.0pt;\"><b>Andrea Romiti <\/b>Vice Presidente identificati con procedura di bando dalla Regione Piemonte.<\/span><\/p>\n<p>&nbsp;<\/p>\n<p><strong><span style=\"font-size: 12.0pt;\">Le Grandi Imprese hanno indicato:<\/span><\/strong><\/p>\n<p><span style=\"font-size: 12.0pt;\"><b>Bruno Frigerio<\/b> rapporti istituzionali Italia designato da Leonardo;<\/span><\/p>\n<p><span style=\"font-size: 12.0pt;\"><b>Marco Silvano<\/b> Senior Business Development designato da Avio Aero<\/span><\/p>\n<p><span style=\"font-size: 12.0pt;\"><b>Walter Cugno<\/b> Vice President of the Domain Exploration and Science designato da Thales Alenia Space<\/span><\/p>\n<p><span style=\"font-size: 12.0pt;\"><b>Andrea Vimercati<\/b> Vice President Business Development Marketing and Sales designato da Mecaer Aviation Group<\/span><\/p>\n<p><span style=\"font-size: 12.0pt;\"><b>Marco D\u2019Ascenzi <\/b>Business Development Senior Manager<b>\u00a0<\/b>designato da Microtecnica Actuation Systems. <\/span><\/p>\n<p>&nbsp;<\/p>\n<p><strong><span style=\"font-size: 12.0pt;\">Le PMI hanno votato:<\/span><\/strong><\/p>\n<p><span style=\"font-size: 12.0pt;\"><b>Riccardo Girelli<\/b> Ceo di Labornet2<\/span><\/p>\n<p><span style=\"font-size: 12.0pt;\"> <b>Ivano Verzola <\/b>Innovation, Research and Development Manager presso Lazzero Tecnologie<\/span><\/p>\n<p><span style=\"font-size: 12.0pt;\"><b>Eid Moh\u2019D Juma<\/b> Ceo Blue Engineering<\/span><\/p>\n<p><span style=\"font-size: 12.0pt;\"><b>Leonardo Salazzari <\/b>Ceo LMA srl &#8211; Aerospace Technology.<\/span><\/p>\n<p><span style=\"font-size: 12.0pt;\">Il Politecnico di Torino ha nominato la Professoressa Ordinaria del Dipartimento di Ingegneria Gestionale e della Produzione <b>Nicole Viola.<\/b><\/span><\/p>\n<p><span style=\"font-size: 12.0pt;\">L\u2019Universit\u00e0 degli Studi di Torino ha indicato <b>Gabriele Ricchiardi. <\/b><\/span><\/p>\n<p><span style=\"font-size: 12.0pt;\">La Camera di Commercio Industria Artigianato Agricoltura di Torino ha designato <b>Guido Bolatto. <\/b><\/span><\/p>\n<p><span style=\"font-size: 12.0pt;\">Gli Enti di ricerca e formazione hanno indicato congiuntamente <b>Stefano Buscaglia <\/b>Direttore Generale di LINKS.<\/span><\/p>\n<p><span style=\"font-size: 12.0pt;\">Non \u00e8 pervenuta alcuna indicazione per il consigliere indicato da Finpiemonte e da quello congiuntamente designato dal Comune di Torino e dalla Citt\u00e0 Metropolitana di Torino, di conseguenza al momento il Direttivo si comporr\u00e0 di 15 unit\u00e0 per completarsi a 17.<\/span><\/p>\n<p><span style=\"font-size: 12.0pt;\">&lt;&lt;<i>Esprimo la pi\u00f9 grande soddisfazione per la prestigiosa nomina<\/i> &#8211; <b>ha dichiarato al momento della proclamazione Maurizio De Mitri neo Presidente Distretto Aerospaziale Piemonte<\/b> &#8211; <i>ringrazio Fulvia Quagliotti per aver contribuito alla crescita del Distretto oramai punto centrale per lo sviluppo dell\u2019Aerospazio in Piemonte. Ringrazio la Regione Piemonte e tutti gli associati e da domani sar\u00f2 gi\u00e0 al lavoro per le imminenti scadenze, progetti e eventi che aspettano il DAP nei prossimi mesi con particolare attenzione ai temi dell\u2019innovazione, della competitivit\u00e0, della sostenibilit\u00e0 che vorremmo affrontare e sviluppare coinvolgendo il mondo della ricerca in un percorso evolutivo che comprende l\u2019intelligenza artificiale, le nuove tecnologie, l\u2019istruzione e la formazione professionale&gt;&gt;.<\/i><\/span><\/p>\n<p>&nbsp;<\/p>\n<p><strong><a href=\"https:\/\/www.distrettoaerospazialepiemonte.com\/wp-content\/uploads\/2019\/10\/def-CS-Assemblea-DAP-2025def.pdf\">Comunicato stampa<\/a><\/strong><\/p>\n<div id='gallery-1' class='gallery galleryid-8234 gallery-columns-3 gallery-size-thumbnail'><figure class='gallery-item'>\n\t\t\t<div class='gallery-icon landscape'>\n\t\t\t\t<a href='https:\/\/www.distrettoaerospazialepiemonte.com\/en\/whatsapp-image-2025-06-25-at-16-13-39-2\/'><img loading=\"lazy\" decoding=\"async\" width=\"250\" height=\"250\" src=\"https:\/\/www.distrettoaerospazialepiemonte.com\/wp-content\/uploads\/2019\/10\/WhatsApp-Image-2025-06-25-at-16.13.39-250x250.jpeg\" class=\"attachment-thumbnail size-thumbnail\" alt=\"\" srcset=\"https:\/\/www.distrettoaerospazialepiemonte.com\/wp-content\/uploads\/2019\/10\/WhatsApp-Image-2025-06-25-at-16.13.39-250x250.jpeg 250w, https:\/\/www.distrettoaerospazialepiemonte.com\/wp-content\/uploads\/2019\/10\/WhatsApp-Image-2025-06-25-at-16.13.39-69x69.jpeg 69w\" sizes=\"auto, (max-width: 250px) 100vw, 250px\" \/><\/a>\n\t\t\t<\/div><\/figure><figure class='gallery-item'>\n\t\t\t<div class='gallery-icon portrait'>\n\t\t\t\t<a href='https:\/\/www.distrettoaerospazialepiemonte.com\/en\/whatsapp-image-2025-06-25-at-16-13-40-5\/'><img loading=\"lazy\" decoding=\"async\" width=\"250\" height=\"250\" src=\"https:\/\/www.distrettoaerospazialepiemonte.com\/wp-content\/uploads\/2019\/10\/WhatsApp-Image-2025-06-25-at-16.13.40-250x250.jpeg\" class=\"attachment-thumbnail size-thumbnail\" alt=\"\" srcset=\"https:\/\/www.distrettoaerospazialepiemonte.com\/wp-content\/uploads\/2019\/10\/WhatsApp-Image-2025-06-25-at-16.13.40-250x250.jpeg 250w, https:\/\/www.distrettoaerospazialepiemonte.com\/wp-content\/uploads\/2019\/10\/WhatsApp-Image-2025-06-25-at-16.13.40-69x69.jpeg 69w\" sizes=\"auto, (max-width: 250px) 100vw, 250px\" \/><\/a>\n\t\t\t<\/div><\/figure><figure class='gallery-item'>\n\t\t\t<div class='gallery-icon portrait'>\n\t\t\t\t<a href='https:\/\/www.distrettoaerospazialepiemonte.com\/en\/whatsapp-image-2025-06-25-at-16-13-40-1-2\/'><img loading=\"lazy\" decoding=\"async\" width=\"250\" height=\"250\" src=\"https:\/\/www.distrettoaerospazialepiemonte.com\/wp-content\/uploads\/2019\/10\/WhatsApp-Image-2025-06-25-at-16.13.40-1-250x250.jpeg\" class=\"attachment-thumbnail size-thumbnail\" alt=\"\" srcset=\"https:\/\/www.distrettoaerospazialepiemonte.com\/wp-content\/uploads\/2019\/10\/WhatsApp-Image-2025-06-25-at-16.13.40-1-250x250.jpeg 250w, https:\/\/www.distrettoaerospazialepiemonte.com\/wp-content\/uploads\/2019\/10\/WhatsApp-Image-2025-06-25-at-16.13.40-1-69x69.jpeg 69w\" sizes=\"auto, (max-width: 250px) 100vw, 250px\" \/><\/a>\n\t\t\t<\/div><\/figure><figure class='gallery-item'>\n\t\t\t<div class='gallery-icon portrait'>\n\t\t\t\t<a href='https:\/\/www.distrettoaerospazialepiemonte.com\/en\/whatsapp-image-2025-06-25-at-16-13-40-3-2\/'><img loading=\"lazy\" decoding=\"async\" width=\"250\" height=\"250\" src=\"https:\/\/www.distrettoaerospazialepiemonte.com\/wp-content\/uploads\/2019\/10\/WhatsApp-Image-2025-06-25-at-16.13.40-3-250x250.jpeg\" class=\"attachment-thumbnail size-thumbnail\" alt=\"\" srcset=\"https:\/\/www.distrettoaerospazialepiemonte.com\/wp-content\/uploads\/2019\/10\/WhatsApp-Image-2025-06-25-at-16.13.40-3-250x250.jpeg 250w, https:\/\/www.distrettoaerospazialepiemonte.com\/wp-content\/uploads\/2019\/10\/WhatsApp-Image-2025-06-25-at-16.13.40-3-69x69.jpeg 69w\" sizes=\"auto, (max-width: 250px) 100vw, 250px\" \/><\/a>\n\t\t\t<\/div><\/figure><figure class='gallery-item'>\n\t\t\t<div class='gallery-icon portrait'>\n\t\t\t\t<a href='https:\/\/www.distrettoaerospazialepiemonte.com\/en\/whatsapp-image-2025-06-25-at-16-13-40-4-2\/'><img loading=\"lazy\" decoding=\"async\" width=\"250\" height=\"250\" src=\"https:\/\/www.distrettoaerospazialepiemonte.com\/wp-content\/uploads\/2019\/10\/WhatsApp-Image-2025-06-25-at-16.13.40-4-250x250.jpeg\" class=\"attachment-thumbnail size-thumbnail\" alt=\"\" srcset=\"https:\/\/www.distrettoaerospazialepiemonte.com\/wp-content\/uploads\/2019\/10\/WhatsApp-Image-2025-06-25-at-16.13.40-4-250x250.jpeg 250w, https:\/\/www.distrettoaerospazialepiemonte.com\/wp-content\/uploads\/2019\/10\/WhatsApp-Image-2025-06-25-at-16.13.40-4-69x69.jpeg 69w\" sizes=\"auto, (max-width: 250px) 100vw, 250px\" \/><\/a>\n\t\t\t<\/div><\/figure>\n\t\t<\/div>\n\n","protected":false},"excerpt":{"rendered":"<p>Si \u00e8 svolta il 25 giugno 2025 l\u2019Assemblea del Distretto Aerospaziale Piemonte, alla presenza dell\u2019Assessore allo Sviluppo delle Attivit\u00e0 Produttive della Regione Piemonte Andrea Tronzano, presso l\u2019Aula Magna della sede Lingotto del Politecnico di Torino, che al termine della relazione del Presidente Fulvia Quagliotti, ha approvato all\u2019unanimit\u00e0 il Bilancio consuntivo 2024. L\u2019Assemblea ha deliberato poi [&hellip;]<\/p>\n","protected":false},"author":2,"featured_media":8227,"comment_status":"closed","ping_status":"closed","sticky":false,"template":"","format":"standard","meta":{"_acf_changed":false,"footnotes":""},"categories":[63],"tags":[],"class_list":["post-8234","post","type-post","status-publish","format-standard","has-post-thumbnail","hentry","category-events-news"],"acf":[],"yoast_head":"<!-- This site is optimized with the Yoast SEO plugin v27.5 - https:\/\/yoast.com\/product\/yoast-seo-wordpress\/ -->\n<title>Assemblea degli Associati del Distretto Aerospaziale Piemonte. Termina dopo tre anni il suo mandato Fulvia Quagliotti. Proclamato il nuovo Presidente Maurizio De Mitri e il direttivo. - Distretto aerospaziale piemonte<\/title>\n<meta name=\"robots\" content=\"index, follow, max-snippet:-1, max-image-preview:large, max-video-preview:-1\" \/>\n<link rel=\"canonical\" href=\"https:\/\/www.distrettoaerospazialepiemonte.com\/en\/events-news\/assemblea-degli-associati-del-distretto-aerospaziale-piemonte-termina-dopo-tre-anni-il-suo-mandato-fulvia-quagliotti-proclamato-il-nuovo-presidente-maurizio-de-mitri-e-il-direttivo\/\" \/>\n<meta property=\"og:locale\" content=\"en_US\" \/>\n<meta property=\"og:type\" content=\"article\" \/>\n<meta property=\"og:title\" content=\"Assemblea degli Associati del Distretto Aerospaziale Piemonte. Termina dopo tre anni il suo mandato Fulvia Quagliotti. Proclamato il nuovo Presidente Maurizio De Mitri e il direttivo. - Distretto aerospaziale piemonte\" \/>\n<meta property=\"og:description\" content=\"Si \u00e8 svolta il 25 giugno 2025 l\u2019Assemblea del Distretto Aerospaziale Piemonte, alla presenza dell\u2019Assessore allo Sviluppo delle Attivit\u00e0 Produttive della Regione Piemonte Andrea Tronzano, presso l\u2019Aula Magna della sede Lingotto del Politecnico di Torino, che al termine della relazione del Presidente Fulvia Quagliotti, ha approvato all\u2019unanimit\u00e0 il Bilancio consuntivo 2024. L\u2019Assemblea ha deliberato poi [&hellip;]\" \/>\n<meta property=\"og:url\" content=\"https:\/\/www.distrettoaerospazialepiemonte.com\/en\/events-news\/assemblea-degli-associati-del-distretto-aerospaziale-piemonte-termina-dopo-tre-anni-il-suo-mandato-fulvia-quagliotti-proclamato-il-nuovo-presidente-maurizio-de-mitri-e-il-direttivo\/\" \/>\n<meta property=\"og:site_name\" content=\"Distretto aerospaziale piemonte\" \/>\n<meta property=\"article:published_time\" content=\"2025-06-25T14:52:53+00:00\" \/>\n<meta property=\"article:modified_time\" content=\"2025-06-26T07:42:35+00:00\" \/>\n<meta property=\"og:image\" content=\"https:\/\/www.distrettoaerospazialepiemonte.com\/wp-content\/uploads\/2019\/10\/WhatsApp-Image-2025-06-25-at-16.13.40.jpeg\" \/>\n\t<meta property=\"og:image:width\" content=\"1200\" \/>\n\t<meta property=\"og:image:height\" content=\"1600\" \/>\n\t<meta property=\"og:image:type\" content=\"image\/jpeg\" \/>\n<meta name=\"author\" content=\"Anna Zampolini\" \/>\n<meta name=\"twitter:card\" content=\"summary_large_image\" \/>\n<meta name=\"twitter:label1\" content=\"Written by\" \/>\n\t<meta name=\"twitter:data1\" content=\"Anna Zampolini\" \/>\n\t<meta name=\"twitter:label2\" content=\"Est. reading time\" \/>\n\t<meta name=\"twitter:data2\" content=\"4 minutes\" \/>\n<script type=\"application\/ld+json\" class=\"yoast-schema-graph\">{\"@context\":\"https:\\\/\\\/schema.org\",\"@graph\":[{\"@type\":\"Article\",\"@id\":\"https:\\\/\\\/www.distrettoaerospazialepiemonte.com\\\/en\\\/events-news\\\/assemblea-degli-associati-del-distretto-aerospaziale-piemonte-termina-dopo-tre-anni-il-suo-mandato-fulvia-quagliotti-proclamato-il-nuovo-presidente-maurizio-de-mitri-e-il-direttivo\\\/#article\",\"isPartOf\":{\"@id\":\"https:\\\/\\\/www.distrettoaerospazialepiemonte.com\\\/en\\\/events-news\\\/assemblea-degli-associati-del-distretto-aerospaziale-piemonte-termina-dopo-tre-anni-il-suo-mandato-fulvia-quagliotti-proclamato-il-nuovo-presidente-maurizio-de-mitri-e-il-direttivo\\\/\"},\"author\":{\"name\":\"Anna Zampolini\",\"@id\":\"https:\\\/\\\/www.distrettoaerospazialepiemonte.com\\\/en\\\/#\\\/schema\\\/person\\\/b67d683ffbbae33fcc07105c75d162bc\"},\"headline\":\"Assemblea degli Associati del Distretto Aerospaziale Piemonte. Termina dopo tre anni il suo mandato Fulvia Quagliotti. Proclamato il nuovo Presidente Maurizio De Mitri e il direttivo.\",\"datePublished\":\"2025-06-25T14:52:53+00:00\",\"dateModified\":\"2025-06-26T07:42:35+00:00\",\"mainEntityOfPage\":{\"@id\":\"https:\\\/\\\/www.distrettoaerospazialepiemonte.com\\\/en\\\/events-news\\\/assemblea-degli-associati-del-distretto-aerospaziale-piemonte-termina-dopo-tre-anni-il-suo-mandato-fulvia-quagliotti-proclamato-il-nuovo-presidente-maurizio-de-mitri-e-il-direttivo\\\/\"},\"wordCount\":578,\"publisher\":{\"@id\":\"https:\\\/\\\/www.distrettoaerospazialepiemonte.com\\\/en\\\/#organization\"},\"image\":{\"@id\":\"https:\\\/\\\/www.distrettoaerospazialepiemonte.com\\\/en\\\/events-news\\\/assemblea-degli-associati-del-distretto-aerospaziale-piemonte-termina-dopo-tre-anni-il-suo-mandato-fulvia-quagliotti-proclamato-il-nuovo-presidente-maurizio-de-mitri-e-il-direttivo\\\/#primaryimage\"},\"thumbnailUrl\":\"https:\\\/\\\/www.distrettoaerospazialepiemonte.com\\\/wp-content\\\/uploads\\\/2019\\\/10\\\/WhatsApp-Image-2025-06-25-at-16.13.40.jpeg\",\"articleSection\":[\"Events and news\"],\"inLanguage\":\"en-US\"},{\"@type\":\"WebPage\",\"@id\":\"https:\\\/\\\/www.distrettoaerospazialepiemonte.com\\\/en\\\/events-news\\\/assemblea-degli-associati-del-distretto-aerospaziale-piemonte-termina-dopo-tre-anni-il-suo-mandato-fulvia-quagliotti-proclamato-il-nuovo-presidente-maurizio-de-mitri-e-il-direttivo\\\/\",\"url\":\"https:\\\/\\\/www.distrettoaerospazialepiemonte.com\\\/en\\\/events-news\\\/assemblea-degli-associati-del-distretto-aerospaziale-piemonte-termina-dopo-tre-anni-il-suo-mandato-fulvia-quagliotti-proclamato-il-nuovo-presidente-maurizio-de-mitri-e-il-direttivo\\\/\",\"name\":\"Assemblea degli Associati del Distretto Aerospaziale Piemonte. Termina dopo tre anni il suo mandato Fulvia Quagliotti. Proclamato il nuovo Presidente Maurizio De Mitri e il direttivo. - Distretto aerospaziale piemonte\",\"isPartOf\":{\"@id\":\"https:\\\/\\\/www.distrettoaerospazialepiemonte.com\\\/en\\\/#website\"},\"primaryImageOfPage\":{\"@id\":\"https:\\\/\\\/www.distrettoaerospazialepiemonte.com\\\/en\\\/events-news\\\/assemblea-degli-associati-del-distretto-aerospaziale-piemonte-termina-dopo-tre-anni-il-suo-mandato-fulvia-quagliotti-proclamato-il-nuovo-presidente-maurizio-de-mitri-e-il-direttivo\\\/#primaryimage\"},\"image\":{\"@id\":\"https:\\\/\\\/www.distrettoaerospazialepiemonte.com\\\/en\\\/events-news\\\/assemblea-degli-associati-del-distretto-aerospaziale-piemonte-termina-dopo-tre-anni-il-suo-mandato-fulvia-quagliotti-proclamato-il-nuovo-presidente-maurizio-de-mitri-e-il-direttivo\\\/#primaryimage\"},\"thumbnailUrl\":\"https:\\\/\\\/www.distrettoaerospazialepiemonte.com\\\/wp-content\\\/uploads\\\/2019\\\/10\\\/WhatsApp-Image-2025-06-25-at-16.13.40.jpeg\",\"datePublished\":\"2025-06-25T14:52:53+00:00\",\"dateModified\":\"2025-06-26T07:42:35+00:00\",\"breadcrumb\":{\"@id\":\"https:\\\/\\\/www.distrettoaerospazialepiemonte.com\\\/en\\\/events-news\\\/assemblea-degli-associati-del-distretto-aerospaziale-piemonte-termina-dopo-tre-anni-il-suo-mandato-fulvia-quagliotti-proclamato-il-nuovo-presidente-maurizio-de-mitri-e-il-direttivo\\\/#breadcrumb\"},\"inLanguage\":\"en-US\",\"potentialAction\":[{\"@type\":\"ReadAction\",\"target\":[\"https:\\\/\\\/www.distrettoaerospazialepiemonte.com\\\/en\\\/events-news\\\/assemblea-degli-associati-del-distretto-aerospaziale-piemonte-termina-dopo-tre-anni-il-suo-mandato-fulvia-quagliotti-proclamato-il-nuovo-presidente-maurizio-de-mitri-e-il-direttivo\\\/\"]}]},{\"@type\":\"ImageObject\",\"inLanguage\":\"en-US\",\"@id\":\"https:\\\/\\\/www.distrettoaerospazialepiemonte.com\\\/en\\\/events-news\\\/assemblea-degli-associati-del-distretto-aerospaziale-piemonte-termina-dopo-tre-anni-il-suo-mandato-fulvia-quagliotti-proclamato-il-nuovo-presidente-maurizio-de-mitri-e-il-direttivo\\\/#primaryimage\",\"url\":\"https:\\\/\\\/www.distrettoaerospazialepiemonte.com\\\/wp-content\\\/uploads\\\/2019\\\/10\\\/WhatsApp-Image-2025-06-25-at-16.13.40.jpeg\",\"contentUrl\":\"https:\\\/\\\/www.distrettoaerospazialepiemonte.com\\\/wp-content\\\/uploads\\\/2019\\\/10\\\/WhatsApp-Image-2025-06-25-at-16.13.40.jpeg\",\"width\":1200,\"height\":1600},{\"@type\":\"BreadcrumbList\",\"@id\":\"https:\\\/\\\/www.distrettoaerospazialepiemonte.com\\\/en\\\/events-news\\\/assemblea-degli-associati-del-distretto-aerospaziale-piemonte-termina-dopo-tre-anni-il-suo-mandato-fulvia-quagliotti-proclamato-il-nuovo-presidente-maurizio-de-mitri-e-il-direttivo\\\/#breadcrumb\",\"itemListElement\":[{\"@type\":\"ListItem\",\"position\":1,\"name\":\"Home\",\"item\":\"https:\\\/\\\/www.distrettoaerospazialepiemonte.com\\\/en\\\/\"},{\"@type\":\"ListItem\",\"position\":2,\"name\":\"Assemblea degli Associati del Distretto Aerospaziale Piemonte. Termina dopo tre anni il suo mandato Fulvia Quagliotti. Proclamato il nuovo Presidente Maurizio De Mitri e il direttivo.\"}]},{\"@type\":\"WebSite\",\"@id\":\"https:\\\/\\\/www.distrettoaerospazialepiemonte.com\\\/en\\\/#website\",\"url\":\"https:\\\/\\\/www.distrettoaerospazialepiemonte.com\\\/en\\\/\",\"name\":\"Distretto aerospaziale piemonte\",\"description\":\"DAP\",\"publisher\":{\"@id\":\"https:\\\/\\\/www.distrettoaerospazialepiemonte.com\\\/en\\\/#organization\"},\"potentialAction\":[{\"@type\":\"SearchAction\",\"target\":{\"@type\":\"EntryPoint\",\"urlTemplate\":\"https:\\\/\\\/www.distrettoaerospazialepiemonte.com\\\/en\\\/?s={search_term_string}\"},\"query-input\":{\"@type\":\"PropertyValueSpecification\",\"valueRequired\":true,\"valueName\":\"search_term_string\"}}],\"inLanguage\":\"en-US\"},{\"@type\":\"Organization\",\"@id\":\"https:\\\/\\\/www.distrettoaerospazialepiemonte.com\\\/en\\\/#organization\",\"name\":\"Distretto Aerospaziale Piemonte\",\"url\":\"https:\\\/\\\/www.distrettoaerospazialepiemonte.com\\\/en\\\/\",\"logo\":{\"@type\":\"ImageObject\",\"inLanguage\":\"en-US\",\"@id\":\"https:\\\/\\\/www.distrettoaerospazialepiemonte.com\\\/en\\\/#\\\/schema\\\/logo\\\/image\\\/\",\"url\":\"https:\\\/\\\/www.distrettoaerospazialepiemonte.com\\\/wp-content\\\/uploads\\\/2019\\\/12\\\/logoNoScritta.png\",\"contentUrl\":\"https:\\\/\\\/www.distrettoaerospazialepiemonte.com\\\/wp-content\\\/uploads\\\/2019\\\/12\\\/logoNoScritta.png\",\"width\":250,\"height\":125,\"caption\":\"Distretto Aerospaziale Piemonte\"},\"image\":{\"@id\":\"https:\\\/\\\/www.distrettoaerospazialepiemonte.com\\\/en\\\/#\\\/schema\\\/logo\\\/image\\\/\"}},{\"@type\":\"Person\",\"@id\":\"https:\\\/\\\/www.distrettoaerospazialepiemonte.com\\\/en\\\/#\\\/schema\\\/person\\\/b67d683ffbbae33fcc07105c75d162bc\",\"name\":\"Anna Zampolini\",\"image\":{\"@type\":\"ImageObject\",\"inLanguage\":\"en-US\",\"@id\":\"https:\\\/\\\/secure.gravatar.com\\\/avatar\\\/e790b1cbe9ff37ab22178feeb6a03d3aad2414f89da70efa4f70357ac368a5ac?s=96&d=mm&r=g\",\"url\":\"https:\\\/\\\/secure.gravatar.com\\\/avatar\\\/e790b1cbe9ff37ab22178feeb6a03d3aad2414f89da70efa4f70357ac368a5ac?s=96&d=mm&r=g\",\"contentUrl\":\"https:\\\/\\\/secure.gravatar.com\\\/avatar\\\/e790b1cbe9ff37ab22178feeb6a03d3aad2414f89da70efa4f70357ac368a5ac?s=96&d=mm&r=g\",\"caption\":\"Anna Zampolini\"}}]}<\/script>\n<!-- \/ Yoast SEO plugin. -->","yoast_head_json":{"title":"Assemblea degli Associati del Distretto Aerospaziale Piemonte. Termina dopo tre anni il suo mandato Fulvia Quagliotti. Proclamato il nuovo Presidente Maurizio De Mitri e il direttivo. - Distretto aerospaziale piemonte","robots":{"index":"index","follow":"follow","max-snippet":"max-snippet:-1","max-image-preview":"max-image-preview:large","max-video-preview":"max-video-preview:-1"},"canonical":"https:\/\/www.distrettoaerospazialepiemonte.com\/en\/events-news\/assemblea-degli-associati-del-distretto-aerospaziale-piemonte-termina-dopo-tre-anni-il-suo-mandato-fulvia-quagliotti-proclamato-il-nuovo-presidente-maurizio-de-mitri-e-il-direttivo\/","og_locale":"en_US","og_type":"article","og_title":"Assemblea degli Associati del Distretto Aerospaziale Piemonte. Termina dopo tre anni il suo mandato Fulvia Quagliotti. Proclamato il nuovo Presidente Maurizio De Mitri e il direttivo. - Distretto aerospaziale piemonte","og_description":"Si \u00e8 svolta il 25 giugno 2025 l\u2019Assemblea del Distretto Aerospaziale Piemonte, alla presenza dell\u2019Assessore allo Sviluppo delle Attivit\u00e0 Produttive della Regione Piemonte Andrea Tronzano, presso l\u2019Aula Magna della sede Lingotto del Politecnico di Torino, che al termine della relazione del Presidente Fulvia Quagliotti, ha approvato all\u2019unanimit\u00e0 il Bilancio consuntivo 2024. L\u2019Assemblea ha deliberato poi [&hellip;]","og_url":"https:\/\/www.distrettoaerospazialepiemonte.com\/en\/events-news\/assemblea-degli-associati-del-distretto-aerospaziale-piemonte-termina-dopo-tre-anni-il-suo-mandato-fulvia-quagliotti-proclamato-il-nuovo-presidente-maurizio-de-mitri-e-il-direttivo\/","og_site_name":"Distretto aerospaziale piemonte","article_published_time":"2025-06-25T14:52:53+00:00","article_modified_time":"2025-06-26T07:42:35+00:00","og_image":[{"width":1200,"height":1600,"url":"https:\/\/www.distrettoaerospazialepiemonte.com\/wp-content\/uploads\/2019\/10\/WhatsApp-Image-2025-06-25-at-16.13.40.jpeg","type":"image\/jpeg"}],"author":"Anna Zampolini","twitter_card":"summary_large_image","twitter_misc":{"Written by":"Anna Zampolini","Est. reading time":"4 minutes"},"schema":{"@context":"https:\/\/schema.org","@graph":[{"@type":"Article","@id":"https:\/\/www.distrettoaerospazialepiemonte.com\/en\/events-news\/assemblea-degli-associati-del-distretto-aerospaziale-piemonte-termina-dopo-tre-anni-il-suo-mandato-fulvia-quagliotti-proclamato-il-nuovo-presidente-maurizio-de-mitri-e-il-direttivo\/#article","isPartOf":{"@id":"https:\/\/www.distrettoaerospazialepiemonte.com\/en\/events-news\/assemblea-degli-associati-del-distretto-aerospaziale-piemonte-termina-dopo-tre-anni-il-suo-mandato-fulvia-quagliotti-proclamato-il-nuovo-presidente-maurizio-de-mitri-e-il-direttivo\/"},"author":{"name":"Anna Zampolini","@id":"https:\/\/www.distrettoaerospazialepiemonte.com\/en\/#\/schema\/person\/b67d683ffbbae33fcc07105c75d162bc"},"headline":"Assemblea degli Associati del Distretto Aerospaziale Piemonte. Termina dopo tre anni il suo mandato Fulvia Quagliotti. Proclamato il nuovo Presidente Maurizio De Mitri e il direttivo.","datePublished":"2025-06-25T14:52:53+00:00","dateModified":"2025-06-26T07:42:35+00:00","mainEntityOfPage":{"@id":"https:\/\/www.distrettoaerospazialepiemonte.com\/en\/events-news\/assemblea-degli-associati-del-distretto-aerospaziale-piemonte-termina-dopo-tre-anni-il-suo-mandato-fulvia-quagliotti-proclamato-il-nuovo-presidente-maurizio-de-mitri-e-il-direttivo\/"},"wordCount":578,"publisher":{"@id":"https:\/\/www.distrettoaerospazialepiemonte.com\/en\/#organization"},"image":{"@id":"https:\/\/www.distrettoaerospazialepiemonte.com\/en\/events-news\/assemblea-degli-associati-del-distretto-aerospaziale-piemonte-termina-dopo-tre-anni-il-suo-mandato-fulvia-quagliotti-proclamato-il-nuovo-presidente-maurizio-de-mitri-e-il-direttivo\/#primaryimage"},"thumbnailUrl":"https:\/\/www.distrettoaerospazialepiemonte.com\/wp-content\/uploads\/2019\/10\/WhatsApp-Image-2025-06-25-at-16.13.40.jpeg","articleSection":["Events and news"],"inLanguage":"en-US"},{"@type":"WebPage","@id":"https:\/\/www.distrettoaerospazialepiemonte.com\/en\/events-news\/assemblea-degli-associati-del-distretto-aerospaziale-piemonte-termina-dopo-tre-anni-il-suo-mandato-fulvia-quagliotti-proclamato-il-nuovo-presidente-maurizio-de-mitri-e-il-direttivo\/","url":"https:\/\/www.distrettoaerospazialepiemonte.com\/en\/events-news\/assemblea-degli-associati-del-distretto-aerospaziale-piemonte-termina-dopo-tre-anni-il-suo-mandato-fulvia-quagliotti-proclamato-il-nuovo-presidente-maurizio-de-mitri-e-il-direttivo\/","name":"Assemblea degli Associati del Distretto Aerospaziale Piemonte. Termina dopo tre anni il suo mandato Fulvia Quagliotti. Proclamato il nuovo Presidente Maurizio De Mitri e il direttivo. - Distretto aerospaziale piemonte","isPartOf":{"@id":"https:\/\/www.distrettoaerospazialepiemonte.com\/en\/#website"},"primaryImageOfPage":{"@id":"https:\/\/www.distrettoaerospazialepiemonte.com\/en\/events-news\/assemblea-degli-associati-del-distretto-aerospaziale-piemonte-termina-dopo-tre-anni-il-suo-mandato-fulvia-quagliotti-proclamato-il-nuovo-presidente-maurizio-de-mitri-e-il-direttivo\/#primaryimage"},"image":{"@id":"https:\/\/www.distrettoaerospazialepiemonte.com\/en\/events-news\/assemblea-degli-associati-del-distretto-aerospaziale-piemonte-termina-dopo-tre-anni-il-suo-mandato-fulvia-quagliotti-proclamato-il-nuovo-presidente-maurizio-de-mitri-e-il-direttivo\/#primaryimage"},"thumbnailUrl":"https:\/\/www.distrettoaerospazialepiemonte.com\/wp-content\/uploads\/2019\/10\/WhatsApp-Image-2025-06-25-at-16.13.40.jpeg","datePublished":"2025-06-25T14:52:53+00:00","dateModified":"2025-06-26T07:42:35+00:00","breadcrumb":{"@id":"https:\/\/www.distrettoaerospazialepiemonte.com\/en\/events-news\/assemblea-degli-associati-del-distretto-aerospaziale-piemonte-termina-dopo-tre-anni-il-suo-mandato-fulvia-quagliotti-proclamato-il-nuovo-presidente-maurizio-de-mitri-e-il-direttivo\/#breadcrumb"},"inLanguage":"en-US","potentialAction":[{"@type":"ReadAction","target":["https:\/\/www.distrettoaerospazialepiemonte.com\/en\/events-news\/assemblea-degli-associati-del-distretto-aerospaziale-piemonte-termina-dopo-tre-anni-il-suo-mandato-fulvia-quagliotti-proclamato-il-nuovo-presidente-maurizio-de-mitri-e-il-direttivo\/"]}]},{"@type":"ImageObject","inLanguage":"en-US","@id":"https:\/\/www.distrettoaerospazialepiemonte.com\/en\/events-news\/assemblea-degli-associati-del-distretto-aerospaziale-piemonte-termina-dopo-tre-anni-il-suo-mandato-fulvia-quagliotti-proclamato-il-nuovo-presidente-maurizio-de-mitri-e-il-direttivo\/#primaryimage","url":"https:\/\/www.distrettoaerospazialepiemonte.com\/wp-content\/uploads\/2019\/10\/WhatsApp-Image-2025-06-25-at-16.13.40.jpeg","contentUrl":"https:\/\/www.distrettoaerospazialepiemonte.com\/wp-content\/uploads\/2019\/10\/WhatsApp-Image-2025-06-25-at-16.13.40.jpeg","width":1200,"height":1600},{"@type":"BreadcrumbList","@id":"https:\/\/www.distrettoaerospazialepiemonte.com\/en\/events-news\/assemblea-degli-associati-del-distretto-aerospaziale-piemonte-termina-dopo-tre-anni-il-suo-mandato-fulvia-quagliotti-proclamato-il-nuovo-presidente-maurizio-de-mitri-e-il-direttivo\/#breadcrumb","itemListElement":[{"@type":"ListItem","position":1,"name":"Home","item":"https:\/\/www.distrettoaerospazialepiemonte.com\/en\/"},{"@type":"ListItem","position":2,"name":"Assemblea degli Associati del Distretto Aerospaziale Piemonte. Termina dopo tre anni il suo mandato Fulvia Quagliotti. Proclamato il nuovo Presidente Maurizio De Mitri e il direttivo."}]},{"@type":"WebSite","@id":"https:\/\/www.distrettoaerospazialepiemonte.com\/en\/#website","url":"https:\/\/www.distrettoaerospazialepiemonte.com\/en\/","name":"Distretto aerospaziale piemonte","description":"DAP","publisher":{"@id":"https:\/\/www.distrettoaerospazialepiemonte.com\/en\/#organization"},"potentialAction":[{"@type":"SearchAction","target":{"@type":"EntryPoint","urlTemplate":"https:\/\/www.distrettoaerospazialepiemonte.com\/en\/?s={search_term_string}"},"query-input":{"@type":"PropertyValueSpecification","valueRequired":true,"valueName":"search_term_string"}}],"inLanguage":"en-US"},{"@type":"Organization","@id":"https:\/\/www.distrettoaerospazialepiemonte.com\/en\/#organization","name":"Distretto Aerospaziale Piemonte","url":"https:\/\/www.distrettoaerospazialepiemonte.com\/en\/","logo":{"@type":"ImageObject","inLanguage":"en-US","@id":"https:\/\/www.distrettoaerospazialepiemonte.com\/en\/#\/schema\/logo\/image\/","url":"https:\/\/www.distrettoaerospazialepiemonte.com\/wp-content\/uploads\/2019\/12\/logoNoScritta.png","contentUrl":"https:\/\/www.distrettoaerospazialepiemonte.com\/wp-content\/uploads\/2019\/12\/logoNoScritta.png","width":250,"height":125,"caption":"Distretto Aerospaziale Piemonte"},"image":{"@id":"https:\/\/www.distrettoaerospazialepiemonte.com\/en\/#\/schema\/logo\/image\/"}},{"@type":"Person","@id":"https:\/\/www.distrettoaerospazialepiemonte.com\/en\/#\/schema\/person\/b67d683ffbbae33fcc07105c75d162bc","name":"Anna Zampolini","image":{"@type":"ImageObject","inLanguage":"en-US","@id":"https:\/\/secure.gravatar.com\/avatar\/e790b1cbe9ff37ab22178feeb6a03d3aad2414f89da70efa4f70357ac368a5ac?s=96&d=mm&r=g","url":"https:\/\/secure.gravatar.com\/avatar\/e790b1cbe9ff37ab22178feeb6a03d3aad2414f89da70efa4f70357ac368a5ac?s=96&d=mm&r=g","contentUrl":"https:\/\/secure.gravatar.com\/avatar\/e790b1cbe9ff37ab22178feeb6a03d3aad2414f89da70efa4f70357ac368a5ac?s=96&d=mm&r=g","caption":"Anna Zampolini"}}]}},"_links":{"self":[{"href":"https:\/\/www.distrettoaerospazialepiemonte.com\/en\/wp-json\/wp\/v2\/posts\/8234","targetHints":{"allow":["GET"]}}],"collection":[{"href":"https:\/\/www.distrettoaerospazialepiemonte.com\/en\/wp-json\/wp\/v2\/posts"}],"about":[{"href":"https:\/\/www.distrettoaerospazialepiemonte.com\/en\/wp-json\/wp\/v2\/types\/post"}],"author":[{"embeddable":true,"href":"https:\/\/www.distrettoaerospazialepiemonte.com\/en\/wp-json\/wp\/v2\/users\/2"}],"replies":[{"embeddable":true,"href":"https:\/\/www.distrettoaerospazialepiemonte.com\/en\/wp-json\/wp\/v2\/comments?post=8234"}],"version-history":[{"count":2,"href":"https:\/\/www.distrettoaerospazialepiemonte.com\/en\/wp-json\/wp\/v2\/posts\/8234\/revisions"}],"predecessor-version":[{"id":8239,"href":"https:\/\/www.distrettoaerospazialepiemonte.com\/en\/wp-json\/wp\/v2\/posts\/8234\/revisions\/8239"}],"wp:featuredmedia":[{"embeddable":true,"href":"https:\/\/www.distrettoaerospazialepiemonte.com\/en\/wp-json\/wp\/v2\/media\/8227"}],"wp:attachment":[{"href":"https:\/\/www.distrettoaerospazialepiemonte.com\/en\/wp-json\/wp\/v2\/media?parent=8234"}],"wp:term":[{"taxonomy":"category","embeddable":true,"href":"https:\/\/www.distrettoaerospazialepiemonte.com\/en\/wp-json\/wp\/v2\/categories?post=8234"},{"taxonomy":"post_tag","embeddable":true,"href":"https:\/\/www.distrettoaerospazialepiemonte.com\/en\/wp-json\/wp\/v2\/tags?post=8234"}],"curies":[{"name":"wp","href":"https:\/\/api.w.org\/{rel}","templated":true}]}}