{"id":8316,"date":"2025-09-30T16:00:49","date_gmt":"2025-09-30T14:00:49","guid":{"rendered":"https:\/\/www.distrettoaerospazialepiemonte.com\/events-news\/la-medaglia-von-karman-2025-alla-professoressa-ingegner-fulvia-quagliotti\/"},"modified":"2025-09-30T16:01:49","modified_gmt":"2025-09-30T14:01:49","slug":"la-medaglia-von-karman-2025-alla-professoressa-ingegner-fulvia-quagliotti","status":"publish","type":"post","link":"https:\/\/www.distrettoaerospazialepiemonte.com\/en\/events-news\/la-medaglia-von-karman-2025-alla-professoressa-ingegner-fulvia-quagliotti\/","title":{"rendered":"La Medaglia Von K\u00e1rm\u00e1n 2025 alla Professoressa Ingegner Fulvia Quagliotti"},"content":{"rendered":"<p>Il NATO Science &amp; Technology Board (STB) ha conferito la <strong>Medaglia Von K\u00e1rm\u00e1n 2025<\/strong> alla <strong>Professoressa Ingegner Fulvia Quagliotti<\/strong>, in riconoscimento dell&#8217;eccezionale contributo scientifico da lei apportato alla NATO in oltre 30 anni.<\/p>\n<p>La Medaglia Von K\u00e1rm\u00e1n, il pi\u00f9 prestigioso riconoscimento scientifico della NATO che onora le <strong>persone che si sono distinte per la loro dedizione di una vita alla collaborazione internazionale in ambito scientifico e tecnologico (S&amp;T) nella NATO e per il loro contributo alle attivit\u00e0 di Organizzazione Scientifica e Tecnologica (STO) per un lungo periodo<\/strong>. Il Il NATO Science &amp; Technology Board assegna in genere una Medaglia Von K\u00e1rm\u00e1n all&#8217;anno. Gli STO Excellence Awards riconoscono i risultati eccezionali conseguiti nelle attivit\u00e0 STO condotte e completate negli ultimi quattro anni e possono essere assegnati sia ai team che a singoli individui. In qualit\u00e0 di organo di governo dello STO, il NATO STB fornisce una guida strategica alla ricerca scientifica e tecnologia (S&amp;T) nella NATO.<\/p>\n<p>La Medaglia Von K\u00e1rm\u00e1n \u00e8 stata consegnata a <strong>Fulvia Quagliotti<\/strong> a Valencia nel Quarter General Terrestre de Alta Disponibilidad al cospetto del governance board of the NATO Science &amp; Technology come riconoscimento di 30 anni di collaborazione, avendo lavorato a stretto contatto con lo STO e le sue organizzazioni precedenti. Da quando \u00e8 entrata a far parte dell&#8217;AGARD Flight Mechanics Panel nel 1992, la professoressa ingegnere Fulvia Quagliotti ha ricoperto diversi ruoli dirigenziali all&#8217;interno dello STO, tra cui: rappresentante del mondo accademico italiano nei Comitati Scientifici e Tecnici (STC) per la Tecnologia Applicata dei Veicoli (AVT) e per i Concetti e l&#8217;Integrazione dei Sistemi (SCI); Vicepresidente del Comitato Scientifico e Tecnico (STC) dello SCI; Presidente del Comitato di Programma dello SCI; membro del Comitato Strategico dell&#8217;AVT; e Mentore del Panel AVT, oltre ad altre funzioni.<\/p>\n<p>L&#8217;impegno costante di Fulvia Quagliotti nella ricerca sulla difesa e il suo coinvolgimento nella rete scientifica della NATO ha contribuito a gettare le basi il gruppo degli elicotteri dello STO. Questo gruppo \u00e8 rimasto attivo ancora oggi, attraverso il Progetto ad Alta Visibilit\u00e0 della NATO sulle Capacit\u00e0 di Elicotteri di Nuova Generazione (NGRC).<\/p>\n<p>Fulvia Quagliotti \u00e8 stata <strong>Presidente del Distretto Aerospaziale Piemontese<\/strong> e attualmente ricopre il ruolo di <strong>Direttore<\/strong>, autrice e coautrice di oltre 150 articoli scientifici nel corso della sua carriera e ha ottenuto numerosi riconoscimenti per il suo contributo all&#8217;ingegneria aerospaziale.<\/p>\n<div id='gallery-1' class='gallery galleryid-8316 gallery-columns-2 gallery-size-thumbnail'><figure class='gallery-item'>\n\t\t\t<div class='gallery-icon landscape'>\n\t\t\t\t<a href='https:\/\/www.distrettoaerospazialepiemonte.com\/en\/events-news\/la-medaglia-von-karman-2025-alla-professoressa-ingegner-fulvia-quagliotti\/attachment\/nato25-2\/'><img loading=\"lazy\" decoding=\"async\" width=\"250\" height=\"250\" src=\"https:\/\/www.distrettoaerospazialepiemonte.com\/wp-content\/uploads\/2019\/10\/nato25-250x250.jpg\" class=\"attachment-thumbnail size-thumbnail\" alt=\"\" srcset=\"https:\/\/www.distrettoaerospazialepiemonte.com\/wp-content\/uploads\/2019\/10\/nato25-250x250.jpg 250w, https:\/\/www.distrettoaerospazialepiemonte.com\/wp-content\/uploads\/2019\/10\/nato25-69x69.jpg 69w\" sizes=\"auto, (max-width: 250px) 100vw, 250px\" \/><\/a>\n\t\t\t<\/div><\/figure><figure class='gallery-item'>\n\t\t\t<div class='gallery-icon landscape'>\n\t\t\t\t<a href='https:\/\/www.distrettoaerospazialepiemonte.com\/en\/nato3\/'><img loading=\"lazy\" decoding=\"async\" width=\"250\" height=\"250\" src=\"https:\/\/www.distrettoaerospazialepiemonte.com\/wp-content\/uploads\/2019\/10\/nato3-250x250.jpg\" class=\"attachment-thumbnail size-thumbnail\" alt=\"\" srcset=\"https:\/\/www.distrettoaerospazialepiemonte.com\/wp-content\/uploads\/2019\/10\/nato3-250x250.jpg 250w, https:\/\/www.distrettoaerospazialepiemonte.com\/wp-content\/uploads\/2019\/10\/nato3-69x69.jpg 69w\" sizes=\"auto, (max-width: 250px) 100vw, 250px\" \/><\/a>\n\t\t\t<\/div><\/figure><figure class='gallery-item'>\n\t\t\t<div class='gallery-icon landscape'>\n\t\t\t\t<a href='https:\/\/www.distrettoaerospazialepiemonte.com\/en\/nato2\/'><img loading=\"lazy\" decoding=\"async\" width=\"250\" height=\"250\" src=\"https:\/\/www.distrettoaerospazialepiemonte.com\/wp-content\/uploads\/2019\/10\/nato2-250x250.jpg\" class=\"attachment-thumbnail size-thumbnail\" alt=\"\" srcset=\"https:\/\/www.distrettoaerospazialepiemonte.com\/wp-content\/uploads\/2019\/10\/nato2-250x250.jpg 250w, https:\/\/www.distrettoaerospazialepiemonte.com\/wp-content\/uploads\/2019\/10\/nato2-69x69.jpg 69w\" sizes=\"auto, (max-width: 250px) 100vw, 250px\" \/><\/a>\n\t\t\t<\/div><\/figure><figure class='gallery-item'>\n\t\t\t<div class='gallery-icon portrait'>\n\t\t\t\t<a href='https:\/\/www.distrettoaerospazialepiemonte.com\/en\/nato1\/'><img loading=\"lazy\" decoding=\"async\" width=\"250\" height=\"250\" src=\"https:\/\/www.distrettoaerospazialepiemonte.com\/wp-content\/uploads\/2019\/10\/nato1-scaled-e1759240665632-250x250.jpg\" class=\"attachment-thumbnail size-thumbnail\" alt=\"\" srcset=\"https:\/\/www.distrettoaerospazialepiemonte.com\/wp-content\/uploads\/2019\/10\/nato1-scaled-e1759240665632-250x250.jpg 250w, https:\/\/www.distrettoaerospazialepiemonte.com\/wp-content\/uploads\/2019\/10\/nato1-scaled-e1759240665632-69x69.jpg 69w\" sizes=\"auto, (max-width: 250px) 100vw, 250px\" \/><\/a>\n\t\t\t<\/div><\/figure>\n\t\t<\/div>\n\n","protected":false},"excerpt":{"rendered":"<p>Il NATO Science &amp; Technology Board (STB) ha conferito la Medaglia Von K\u00e1rm\u00e1n 2025 alla Professoressa Ingegner Fulvia Quagliotti, in riconoscimento dell&#8217;eccezionale contributo scientifico da lei apportato alla NATO in oltre 30 anni. La Medaglia Von K\u00e1rm\u00e1n, il pi\u00f9 prestigioso riconoscimento scientifico della NATO che onora le persone che si sono distinte per la loro [&hellip;]<\/p>\n","protected":false},"author":2,"featured_media":8318,"comment_status":"closed","ping_status":"closed","sticky":false,"template":"","format":"standard","meta":{"_acf_changed":false,"footnotes":""},"categories":[63],"tags":[],"class_list":["post-8316","post","type-post","status-publish","format-standard","has-post-thumbnail","hentry","category-events-news"],"acf":[],"yoast_head":"<!-- This site is optimized with the Yoast SEO plugin v27.5 - https:\/\/yoast.com\/product\/yoast-seo-wordpress\/ -->\n<title>La Medaglia Von K\u00e1rm\u00e1n 2025 alla Professoressa Ingegner Fulvia Quagliotti - Distretto aerospaziale piemonte<\/title>\n<meta name=\"robots\" content=\"index, follow, max-snippet:-1, max-image-preview:large, max-video-preview:-1\" \/>\n<link rel=\"canonical\" href=\"https:\/\/www.distrettoaerospazialepiemonte.com\/en\/events-news\/la-medaglia-von-karman-2025-alla-professoressa-ingegner-fulvia-quagliotti\/\" \/>\n<meta property=\"og:locale\" content=\"en_US\" \/>\n<meta property=\"og:type\" content=\"article\" \/>\n<meta property=\"og:title\" content=\"La Medaglia Von K\u00e1rm\u00e1n 2025 alla Professoressa Ingegner Fulvia Quagliotti - Distretto aerospaziale piemonte\" \/>\n<meta property=\"og:description\" content=\"Il NATO Science &amp; Technology Board (STB) ha conferito la Medaglia Von K\u00e1rm\u00e1n 2025 alla Professoressa Ingegner Fulvia Quagliotti, in riconoscimento dell&#8217;eccezionale contributo scientifico da lei apportato alla NATO in oltre 30 anni. La Medaglia Von K\u00e1rm\u00e1n, il pi\u00f9 prestigioso riconoscimento scientifico della NATO che onora le persone che si sono distinte per la loro [&hellip;]\" \/>\n<meta property=\"og:url\" content=\"https:\/\/www.distrettoaerospazialepiemonte.com\/en\/events-news\/la-medaglia-von-karman-2025-alla-professoressa-ingegner-fulvia-quagliotti\/\" \/>\n<meta property=\"og:site_name\" content=\"Distretto aerospaziale piemonte\" \/>\n<meta property=\"article:published_time\" content=\"2025-09-30T14:00:49+00:00\" \/>\n<meta property=\"article:modified_time\" content=\"2025-09-30T14:01:49+00:00\" \/>\n<meta name=\"author\" content=\"Anna Zampolini\" \/>\n<meta name=\"twitter:card\" content=\"summary_large_image\" \/>\n<meta name=\"twitter:label1\" content=\"Written by\" \/>\n\t<meta name=\"twitter:data1\" content=\"Anna Zampolini\" \/>\n\t<meta name=\"twitter:label2\" content=\"Est. reading time\" \/>\n\t<meta name=\"twitter:data2\" content=\"3 minutes\" \/>\n<script type=\"application\/ld+json\" class=\"yoast-schema-graph\">{\"@context\":\"https:\\\/\\\/schema.org\",\"@graph\":[{\"@type\":\"Article\",\"@id\":\"https:\\\/\\\/www.distrettoaerospazialepiemonte.com\\\/en\\\/events-news\\\/la-medaglia-von-karman-2025-alla-professoressa-ingegner-fulvia-quagliotti\\\/#article\",\"isPartOf\":{\"@id\":\"https:\\\/\\\/www.distrettoaerospazialepiemonte.com\\\/en\\\/events-news\\\/la-medaglia-von-karman-2025-alla-professoressa-ingegner-fulvia-quagliotti\\\/\"},\"author\":{\"name\":\"Anna Zampolini\",\"@id\":\"https:\\\/\\\/www.distrettoaerospazialepiemonte.com\\\/en\\\/#\\\/schema\\\/person\\\/b67d683ffbbae33fcc07105c75d162bc\"},\"headline\":\"La Medaglia Von K\u00e1rm\u00e1n 2025 alla Professoressa Ingegner Fulvia Quagliotti\",\"datePublished\":\"2025-09-30T14:00:49+00:00\",\"dateModified\":\"2025-09-30T14:01:49+00:00\",\"mainEntityOfPage\":{\"@id\":\"https:\\\/\\\/www.distrettoaerospazialepiemonte.com\\\/en\\\/events-news\\\/la-medaglia-von-karman-2025-alla-professoressa-ingegner-fulvia-quagliotti\\\/\"},\"wordCount\":408,\"publisher\":{\"@id\":\"https:\\\/\\\/www.distrettoaerospazialepiemonte.com\\\/en\\\/#organization\"},\"image\":{\"@id\":\"https:\\\/\\\/www.distrettoaerospazialepiemonte.com\\\/en\\\/events-news\\\/la-medaglia-von-karman-2025-alla-professoressa-ingegner-fulvia-quagliotti\\\/#primaryimage\"},\"thumbnailUrl\":\"https:\\\/\\\/www.distrettoaerospazialepiemonte.com\\\/wp-content\\\/uploads\\\/2019\\\/10\\\/nato25.jpg\",\"articleSection\":[\"Events and news\"],\"inLanguage\":\"en-US\"},{\"@type\":\"WebPage\",\"@id\":\"https:\\\/\\\/www.distrettoaerospazialepiemonte.com\\\/en\\\/events-news\\\/la-medaglia-von-karman-2025-alla-professoressa-ingegner-fulvia-quagliotti\\\/\",\"url\":\"https:\\\/\\\/www.distrettoaerospazialepiemonte.com\\\/en\\\/events-news\\\/la-medaglia-von-karman-2025-alla-professoressa-ingegner-fulvia-quagliotti\\\/\",\"name\":\"La Medaglia Von K\u00e1rm\u00e1n 2025 alla Professoressa Ingegner Fulvia Quagliotti - Distretto aerospaziale piemonte\",\"isPartOf\":{\"@id\":\"https:\\\/\\\/www.distrettoaerospazialepiemonte.com\\\/en\\\/#website\"},\"primaryImageOfPage\":{\"@id\":\"https:\\\/\\\/www.distrettoaerospazialepiemonte.com\\\/en\\\/events-news\\\/la-medaglia-von-karman-2025-alla-professoressa-ingegner-fulvia-quagliotti\\\/#primaryimage\"},\"image\":{\"@id\":\"https:\\\/\\\/www.distrettoaerospazialepiemonte.com\\\/en\\\/events-news\\\/la-medaglia-von-karman-2025-alla-professoressa-ingegner-fulvia-quagliotti\\\/#primaryimage\"},\"thumbnailUrl\":\"https:\\\/\\\/www.distrettoaerospazialepiemonte.com\\\/wp-content\\\/uploads\\\/2019\\\/10\\\/nato25.jpg\",\"datePublished\":\"2025-09-30T14:00:49+00:00\",\"dateModified\":\"2025-09-30T14:01:49+00:00\",\"breadcrumb\":{\"@id\":\"https:\\\/\\\/www.distrettoaerospazialepiemonte.com\\\/en\\\/events-news\\\/la-medaglia-von-karman-2025-alla-professoressa-ingegner-fulvia-quagliotti\\\/#breadcrumb\"},\"inLanguage\":\"en-US\",\"potentialAction\":[{\"@type\":\"ReadAction\",\"target\":[\"https:\\\/\\\/www.distrettoaerospazialepiemonte.com\\\/en\\\/events-news\\\/la-medaglia-von-karman-2025-alla-professoressa-ingegner-fulvia-quagliotti\\\/\"]}]},{\"@type\":\"ImageObject\",\"inLanguage\":\"en-US\",\"@id\":\"https:\\\/\\\/www.distrettoaerospazialepiemonte.com\\\/en\\\/events-news\\\/la-medaglia-von-karman-2025-alla-professoressa-ingegner-fulvia-quagliotti\\\/#primaryimage\",\"url\":\"https:\\\/\\\/www.distrettoaerospazialepiemonte.com\\\/wp-content\\\/uploads\\\/2019\\\/10\\\/nato25.jpg\",\"contentUrl\":\"https:\\\/\\\/www.distrettoaerospazialepiemonte.com\\\/wp-content\\\/uploads\\\/2019\\\/10\\\/nato25.jpg\",\"width\":1600,\"height\":1200},{\"@type\":\"BreadcrumbList\",\"@id\":\"https:\\\/\\\/www.distrettoaerospazialepiemonte.com\\\/en\\\/events-news\\\/la-medaglia-von-karman-2025-alla-professoressa-ingegner-fulvia-quagliotti\\\/#breadcrumb\",\"itemListElement\":[{\"@type\":\"ListItem\",\"position\":1,\"name\":\"Home\",\"item\":\"https:\\\/\\\/www.distrettoaerospazialepiemonte.com\\\/en\\\/\"},{\"@type\":\"ListItem\",\"position\":2,\"name\":\"La Medaglia Von K\u00e1rm\u00e1n 2025 alla Professoressa Ingegner Fulvia Quagliotti\"}]},{\"@type\":\"WebSite\",\"@id\":\"https:\\\/\\\/www.distrettoaerospazialepiemonte.com\\\/en\\\/#website\",\"url\":\"https:\\\/\\\/www.distrettoaerospazialepiemonte.com\\\/en\\\/\",\"name\":\"Distretto aerospaziale piemonte\",\"description\":\"DAP\",\"publisher\":{\"@id\":\"https:\\\/\\\/www.distrettoaerospazialepiemonte.com\\\/en\\\/#organization\"},\"potentialAction\":[{\"@type\":\"SearchAction\",\"target\":{\"@type\":\"EntryPoint\",\"urlTemplate\":\"https:\\\/\\\/www.distrettoaerospazialepiemonte.com\\\/en\\\/?s={search_term_string}\"},\"query-input\":{\"@type\":\"PropertyValueSpecification\",\"valueRequired\":true,\"valueName\":\"search_term_string\"}}],\"inLanguage\":\"en-US\"},{\"@type\":\"Organization\",\"@id\":\"https:\\\/\\\/www.distrettoaerospazialepiemonte.com\\\/en\\\/#organization\",\"name\":\"Distretto Aerospaziale Piemonte\",\"url\":\"https:\\\/\\\/www.distrettoaerospazialepiemonte.com\\\/en\\\/\",\"logo\":{\"@type\":\"ImageObject\",\"inLanguage\":\"en-US\",\"@id\":\"https:\\\/\\\/www.distrettoaerospazialepiemonte.com\\\/en\\\/#\\\/schema\\\/logo\\\/image\\\/\",\"url\":\"https:\\\/\\\/www.distrettoaerospazialepiemonte.com\\\/wp-content\\\/uploads\\\/2019\\\/12\\\/logoNoScritta.png\",\"contentUrl\":\"https:\\\/\\\/www.distrettoaerospazialepiemonte.com\\\/wp-content\\\/uploads\\\/2019\\\/12\\\/logoNoScritta.png\",\"width\":250,\"height\":125,\"caption\":\"Distretto Aerospaziale Piemonte\"},\"image\":{\"@id\":\"https:\\\/\\\/www.distrettoaerospazialepiemonte.com\\\/en\\\/#\\\/schema\\\/logo\\\/image\\\/\"}},{\"@type\":\"Person\",\"@id\":\"https:\\\/\\\/www.distrettoaerospazialepiemonte.com\\\/en\\\/#\\\/schema\\\/person\\\/b67d683ffbbae33fcc07105c75d162bc\",\"name\":\"Anna Zampolini\",\"image\":{\"@type\":\"ImageObject\",\"inLanguage\":\"en-US\",\"@id\":\"https:\\\/\\\/secure.gravatar.com\\\/avatar\\\/e790b1cbe9ff37ab22178feeb6a03d3aad2414f89da70efa4f70357ac368a5ac?s=96&d=mm&r=g\",\"url\":\"https:\\\/\\\/secure.gravatar.com\\\/avatar\\\/e790b1cbe9ff37ab22178feeb6a03d3aad2414f89da70efa4f70357ac368a5ac?s=96&d=mm&r=g\",\"contentUrl\":\"https:\\\/\\\/secure.gravatar.com\\\/avatar\\\/e790b1cbe9ff37ab22178feeb6a03d3aad2414f89da70efa4f70357ac368a5ac?s=96&d=mm&r=g\",\"caption\":\"Anna Zampolini\"}}]}<\/script>\n<!-- \/ Yoast SEO plugin. -->","yoast_head_json":{"title":"La Medaglia Von K\u00e1rm\u00e1n 2025 alla Professoressa Ingegner Fulvia Quagliotti - Distretto aerospaziale piemonte","robots":{"index":"index","follow":"follow","max-snippet":"max-snippet:-1","max-image-preview":"max-image-preview:large","max-video-preview":"max-video-preview:-1"},"canonical":"https:\/\/www.distrettoaerospazialepiemonte.com\/en\/events-news\/la-medaglia-von-karman-2025-alla-professoressa-ingegner-fulvia-quagliotti\/","og_locale":"en_US","og_type":"article","og_title":"La Medaglia Von K\u00e1rm\u00e1n 2025 alla Professoressa Ingegner Fulvia Quagliotti - Distretto aerospaziale piemonte","og_description":"Il NATO Science &amp; Technology Board (STB) ha conferito la Medaglia Von K\u00e1rm\u00e1n 2025 alla Professoressa Ingegner Fulvia Quagliotti, in riconoscimento dell&#8217;eccezionale contributo scientifico da lei apportato alla NATO in oltre 30 anni. La Medaglia Von K\u00e1rm\u00e1n, il pi\u00f9 prestigioso riconoscimento scientifico della NATO che onora le persone che si sono distinte per la loro [&hellip;]","og_url":"https:\/\/www.distrettoaerospazialepiemonte.com\/en\/events-news\/la-medaglia-von-karman-2025-alla-professoressa-ingegner-fulvia-quagliotti\/","og_site_name":"Distretto aerospaziale piemonte","article_published_time":"2025-09-30T14:00:49+00:00","article_modified_time":"2025-09-30T14:01:49+00:00","author":"Anna Zampolini","twitter_card":"summary_large_image","twitter_misc":{"Written by":"Anna Zampolini","Est. reading time":"3 minutes"},"schema":{"@context":"https:\/\/schema.org","@graph":[{"@type":"Article","@id":"https:\/\/www.distrettoaerospazialepiemonte.com\/en\/events-news\/la-medaglia-von-karman-2025-alla-professoressa-ingegner-fulvia-quagliotti\/#article","isPartOf":{"@id":"https:\/\/www.distrettoaerospazialepiemonte.com\/en\/events-news\/la-medaglia-von-karman-2025-alla-professoressa-ingegner-fulvia-quagliotti\/"},"author":{"name":"Anna Zampolini","@id":"https:\/\/www.distrettoaerospazialepiemonte.com\/en\/#\/schema\/person\/b67d683ffbbae33fcc07105c75d162bc"},"headline":"La Medaglia Von K\u00e1rm\u00e1n 2025 alla Professoressa Ingegner Fulvia Quagliotti","datePublished":"2025-09-30T14:00:49+00:00","dateModified":"2025-09-30T14:01:49+00:00","mainEntityOfPage":{"@id":"https:\/\/www.distrettoaerospazialepiemonte.com\/en\/events-news\/la-medaglia-von-karman-2025-alla-professoressa-ingegner-fulvia-quagliotti\/"},"wordCount":408,"publisher":{"@id":"https:\/\/www.distrettoaerospazialepiemonte.com\/en\/#organization"},"image":{"@id":"https:\/\/www.distrettoaerospazialepiemonte.com\/en\/events-news\/la-medaglia-von-karman-2025-alla-professoressa-ingegner-fulvia-quagliotti\/#primaryimage"},"thumbnailUrl":"https:\/\/www.distrettoaerospazialepiemonte.com\/wp-content\/uploads\/2019\/10\/nato25.jpg","articleSection":["Events and news"],"inLanguage":"en-US"},{"@type":"WebPage","@id":"https:\/\/www.distrettoaerospazialepiemonte.com\/en\/events-news\/la-medaglia-von-karman-2025-alla-professoressa-ingegner-fulvia-quagliotti\/","url":"https:\/\/www.distrettoaerospazialepiemonte.com\/en\/events-news\/la-medaglia-von-karman-2025-alla-professoressa-ingegner-fulvia-quagliotti\/","name":"La Medaglia Von K\u00e1rm\u00e1n 2025 alla Professoressa Ingegner Fulvia Quagliotti - Distretto aerospaziale piemonte","isPartOf":{"@id":"https:\/\/www.distrettoaerospazialepiemonte.com\/en\/#website"},"primaryImageOfPage":{"@id":"https:\/\/www.distrettoaerospazialepiemonte.com\/en\/events-news\/la-medaglia-von-karman-2025-alla-professoressa-ingegner-fulvia-quagliotti\/#primaryimage"},"image":{"@id":"https:\/\/www.distrettoaerospazialepiemonte.com\/en\/events-news\/la-medaglia-von-karman-2025-alla-professoressa-ingegner-fulvia-quagliotti\/#primaryimage"},"thumbnailUrl":"https:\/\/www.distrettoaerospazialepiemonte.com\/wp-content\/uploads\/2019\/10\/nato25.jpg","datePublished":"2025-09-30T14:00:49+00:00","dateModified":"2025-09-30T14:01:49+00:00","breadcrumb":{"@id":"https:\/\/www.distrettoaerospazialepiemonte.com\/en\/events-news\/la-medaglia-von-karman-2025-alla-professoressa-ingegner-fulvia-quagliotti\/#breadcrumb"},"inLanguage":"en-US","potentialAction":[{"@type":"ReadAction","target":["https:\/\/www.distrettoaerospazialepiemonte.com\/en\/events-news\/la-medaglia-von-karman-2025-alla-professoressa-ingegner-fulvia-quagliotti\/"]}]},{"@type":"ImageObject","inLanguage":"en-US","@id":"https:\/\/www.distrettoaerospazialepiemonte.com\/en\/events-news\/la-medaglia-von-karman-2025-alla-professoressa-ingegner-fulvia-quagliotti\/#primaryimage","url":"https:\/\/www.distrettoaerospazialepiemonte.com\/wp-content\/uploads\/2019\/10\/nato25.jpg","contentUrl":"https:\/\/www.distrettoaerospazialepiemonte.com\/wp-content\/uploads\/2019\/10\/nato25.jpg","width":1600,"height":1200},{"@type":"BreadcrumbList","@id":"https:\/\/www.distrettoaerospazialepiemonte.com\/en\/events-news\/la-medaglia-von-karman-2025-alla-professoressa-ingegner-fulvia-quagliotti\/#breadcrumb","itemListElement":[{"@type":"ListItem","position":1,"name":"Home","item":"https:\/\/www.distrettoaerospazialepiemonte.com\/en\/"},{"@type":"ListItem","position":2,"name":"La Medaglia Von K\u00e1rm\u00e1n 2025 alla Professoressa Ingegner Fulvia Quagliotti"}]},{"@type":"WebSite","@id":"https:\/\/www.distrettoaerospazialepiemonte.com\/en\/#website","url":"https:\/\/www.distrettoaerospazialepiemonte.com\/en\/","name":"Distretto aerospaziale piemonte","description":"DAP","publisher":{"@id":"https:\/\/www.distrettoaerospazialepiemonte.com\/en\/#organization"},"potentialAction":[{"@type":"SearchAction","target":{"@type":"EntryPoint","urlTemplate":"https:\/\/www.distrettoaerospazialepiemonte.com\/en\/?s={search_term_string}"},"query-input":{"@type":"PropertyValueSpecification","valueRequired":true,"valueName":"search_term_string"}}],"inLanguage":"en-US"},{"@type":"Organization","@id":"https:\/\/www.distrettoaerospazialepiemonte.com\/en\/#organization","name":"Distretto Aerospaziale Piemonte","url":"https:\/\/www.distrettoaerospazialepiemonte.com\/en\/","logo":{"@type":"ImageObject","inLanguage":"en-US","@id":"https:\/\/www.distrettoaerospazialepiemonte.com\/en\/#\/schema\/logo\/image\/","url":"https:\/\/www.distrettoaerospazialepiemonte.com\/wp-content\/uploads\/2019\/12\/logoNoScritta.png","contentUrl":"https:\/\/www.distrettoaerospazialepiemonte.com\/wp-content\/uploads\/2019\/12\/logoNoScritta.png","width":250,"height":125,"caption":"Distretto Aerospaziale Piemonte"},"image":{"@id":"https:\/\/www.distrettoaerospazialepiemonte.com\/en\/#\/schema\/logo\/image\/"}},{"@type":"Person","@id":"https:\/\/www.distrettoaerospazialepiemonte.com\/en\/#\/schema\/person\/b67d683ffbbae33fcc07105c75d162bc","name":"Anna Zampolini","image":{"@type":"ImageObject","inLanguage":"en-US","@id":"https:\/\/secure.gravatar.com\/avatar\/e790b1cbe9ff37ab22178feeb6a03d3aad2414f89da70efa4f70357ac368a5ac?s=96&d=mm&r=g","url":"https:\/\/secure.gravatar.com\/avatar\/e790b1cbe9ff37ab22178feeb6a03d3aad2414f89da70efa4f70357ac368a5ac?s=96&d=mm&r=g","contentUrl":"https:\/\/secure.gravatar.com\/avatar\/e790b1cbe9ff37ab22178feeb6a03d3aad2414f89da70efa4f70357ac368a5ac?s=96&d=mm&r=g","caption":"Anna Zampolini"}}]}},"_links":{"self":[{"href":"https:\/\/www.distrettoaerospazialepiemonte.com\/en\/wp-json\/wp\/v2\/posts\/8316","targetHints":{"allow":["GET"]}}],"collection":[{"href":"https:\/\/www.distrettoaerospazialepiemonte.com\/en\/wp-json\/wp\/v2\/posts"}],"about":[{"href":"https:\/\/www.distrettoaerospazialepiemonte.com\/en\/wp-json\/wp\/v2\/types\/post"}],"author":[{"embeddable":true,"href":"https:\/\/www.distrettoaerospazialepiemonte.com\/en\/wp-json\/wp\/v2\/users\/2"}],"replies":[{"embeddable":true,"href":"https:\/\/www.distrettoaerospazialepiemonte.com\/en\/wp-json\/wp\/v2\/comments?post=8316"}],"version-history":[{"count":1,"href":"https:\/\/www.distrettoaerospazialepiemonte.com\/en\/wp-json\/wp\/v2\/posts\/8316\/revisions"}],"predecessor-version":[{"id":8317,"href":"https:\/\/www.distrettoaerospazialepiemonte.com\/en\/wp-json\/wp\/v2\/posts\/8316\/revisions\/8317"}],"wp:featuredmedia":[{"embeddable":true,"href":"https:\/\/www.distrettoaerospazialepiemonte.com\/en\/wp-json\/wp\/v2\/media\/8318"}],"wp:attachment":[{"href":"https:\/\/www.distrettoaerospazialepiemonte.com\/en\/wp-json\/wp\/v2\/media?parent=8316"}],"wp:term":[{"taxonomy":"category","embeddable":true,"href":"https:\/\/www.distrettoaerospazialepiemonte.com\/en\/wp-json\/wp\/v2\/categories?post=8316"},{"taxonomy":"post_tag","embeddable":true,"href":"https:\/\/www.distrettoaerospazialepiemonte.com\/en\/wp-json\/wp\/v2\/tags?post=8316"}],"curies":[{"name":"wp","href":"https:\/\/api.w.org\/{rel}","templated":true}]}}