{"id":9681,"date":"2026-04-30T09:44:00","date_gmt":"2026-04-30T07:44:00","guid":{"rendered":"https:\/\/www.distrettoaerospazialepiemonte.com\/events-news\/aerospazio-de-mitri-al-tgr3-piemonte-il-piemonte-cresce-nello-spazio-e-guida-la-transizione-industriale\/"},"modified":"2026-04-30T09:53:43","modified_gmt":"2026-04-30T07:53:43","slug":"aerospazio-de-mitri-al-tgr3-piemonte-il-piemonte-cresce-nello-spazio-e-guida-la-transizione-industriale","status":"publish","type":"post","link":"https:\/\/www.distrettoaerospazialepiemonte.com\/en\/events-news\/aerospazio-de-mitri-al-tgr3-piemonte-il-piemonte-cresce-nello-spazio-e-guida-la-transizione-industriale\/","title":{"rendered":"Aerospazio, De Mitri al TGR3 Piemonte: \u201cIl Piemonte cresce nello spazio e guida la transizione industriale\u201d"},"content":{"rendered":"<p>Nel pieno di una fase complessa per la manifattura, il Piemonte guarda all\u2019aerospazio come a uno dei motori principali per il futuro industriale della regione. \u00c8 quanto emerge dall\u2019<strong>intervista a Maurizio De Mitri,<\/strong> presidente del<strong> Distretto Aerospaziale Piemonte<\/strong>, andata in onda nel TGR3 Piemonte di mercoled\u00ec 29 aprile 2026.<\/p>\n<p><em>\u00abLo scenario \u00e8 di difficolt\u00e0 per molti comparti della manifattura<\/em> \u2013 <strong>ha spiegato De Mitri<\/strong> \u2013 <em>ma la space economy continua a crescere in modo esponenziale, aprendo nuove prospettive\u00bb<\/em>. In questo contesto, il Piemonte si conferma un polo strategico: accanto ai grandi player del settore, si sta sviluppando un ecosistema sempre pi\u00f9 dinamico fatto di <strong>PMI e startup, con circa 130 realt\u00e0 gi\u00e0 coinvolte nel Distretto.<\/strong><\/p>\n<p>Il DAP opera su <strong>tre direttrici principali<\/strong>: <strong>innovazione, formazione e networking<\/strong>. <em>\u00abFacilitiamo il dialogo tra imprese, universit\u00e0 e istituzioni \u2013 <\/em><strong>ha sottolineato De Mitri <\/strong><em>\u2013 e agiamo anche come catalizzatore per individuare fonti di finanziamento a supporto delle aziende\u00bb.<\/em><\/p>\n<p>Sul progetto della Citt\u00e0 dell&#8217;Aerospazio, il presidente ha chiarito come, nonostante alcune criticit\u00e0 nei tempi, le attivit\u00e0 siano gi\u00e0 operative: sono stati avviati laboratori per ricerca e sviluppo e nella futura <strong>\u201ccasa delle PMI\u201d<\/strong> le aziende potranno lavorare in sinergia, condividendo competenze e infrastrutture.<\/p>\n<p>Un tema centrale \u00e8 quello della transizione industriale, in particolare per il comparto automotive. <em>\u00abNon parliamo di una semplice riconversione<\/em> \u2013 <strong>ha precisato De Mitri<\/strong> \u2013 <em>ma di una transizione: le competenze non vengono completamente assorbite dall\u2019aerospazio, ma possono essere riqualificate\u00bb<\/em>. In questo processo, <strong>il Distretto supporta le imprese attraverso certificazioni, percorsi formativi e qualificazione tecnica.<\/strong><\/p>\n<p>Infine, uno sguardo al rapporto tra industria e difesa: <em>\u00abDal punto di vista prettamente industriale<\/em> \u2013 <strong>ha concluso De Mitri<\/strong> \u2013 <em>gli investimenti in questo ambito possono generare ricadute positive in termini tecnologici e occupazionali per tutto il settore\u00bb.<\/em><\/p>\n<p><iframe loading=\"lazy\" title=\"YouTube video player\" src=\"https:\/\/www.youtube.com\/embed\/3WVc1Op-6Po?si=4DnGee5zRzsZp8g6\" width=\"560\" height=\"315\" frameborder=\"0\" allowfullscreen=\"allowfullscreen\"><\/iframe><\/p>\n","protected":false},"excerpt":{"rendered":"<p>Nel pieno di una fase complessa per la manifattura, il Piemonte guarda all\u2019aerospazio come a uno dei motori principali per il futuro industriale della regione. \u00c8 quanto emerge dall\u2019intervista a Maurizio De Mitri, presidente del Distretto Aerospaziale Piemonte, andata in onda nel TGR3 Piemonte di mercoled\u00ec 29 aprile 2026. \u00abLo scenario \u00e8 di difficolt\u00e0 per [&hellip;]<\/p>\n","protected":false},"author":2,"featured_media":9682,"comment_status":"closed","ping_status":"closed","sticky":false,"template":"","format":"standard","meta":{"_acf_changed":false,"footnotes":""},"categories":[63],"tags":[],"class_list":["post-9681","post","type-post","status-publish","format-standard","has-post-thumbnail","hentry","category-events-news"],"acf":[],"yoast_head":"<!-- This site is optimized with the Yoast SEO plugin v27.5 - https:\/\/yoast.com\/product\/yoast-seo-wordpress\/ -->\n<title>Aerospazio, De Mitri al TGR3 Piemonte: \u201cIl Piemonte cresce nello spazio e guida la transizione industriale\u201d - Distretto aerospaziale piemonte<\/title>\n<meta name=\"robots\" content=\"index, follow, max-snippet:-1, max-image-preview:large, max-video-preview:-1\" \/>\n<link rel=\"canonical\" href=\"https:\/\/www.distrettoaerospazialepiemonte.com\/en\/events-news\/aerospazio-de-mitri-al-tgr3-piemonte-il-piemonte-cresce-nello-spazio-e-guida-la-transizione-industriale\/\" \/>\n<meta property=\"og:locale\" content=\"en_US\" \/>\n<meta property=\"og:type\" content=\"article\" \/>\n<meta property=\"og:title\" content=\"Aerospazio, De Mitri al TGR3 Piemonte: \u201cIl Piemonte cresce nello spazio e guida la transizione industriale\u201d - Distretto aerospaziale piemonte\" \/>\n<meta property=\"og:description\" content=\"Nel pieno di una fase complessa per la manifattura, il Piemonte guarda all\u2019aerospazio come a uno dei motori principali per il futuro industriale della regione. \u00c8 quanto emerge dall\u2019intervista a Maurizio De Mitri, presidente del Distretto Aerospaziale Piemonte, andata in onda nel TGR3 Piemonte di mercoled\u00ec 29 aprile 2026. \u00abLo scenario \u00e8 di difficolt\u00e0 per [&hellip;]\" \/>\n<meta property=\"og:url\" content=\"https:\/\/www.distrettoaerospazialepiemonte.com\/en\/events-news\/aerospazio-de-mitri-al-tgr3-piemonte-il-piemonte-cresce-nello-spazio-e-guida-la-transizione-industriale\/\" \/>\n<meta property=\"og:site_name\" content=\"Distretto aerospaziale piemonte\" \/>\n<meta property=\"article:published_time\" content=\"2026-04-30T07:44:00+00:00\" \/>\n<meta property=\"article:modified_time\" content=\"2026-04-30T07:53:43+00:00\" \/>\n<meta property=\"og:image\" content=\"https:\/\/www.distrettoaerospazialepiemonte.com\/wp-content\/uploads\/2026\/04\/tg3regione.png\" \/>\n\t<meta property=\"og:image:width\" content=\"481\" \/>\n\t<meta property=\"og:image:height\" content=\"252\" \/>\n\t<meta property=\"og:image:type\" content=\"image\/png\" \/>\n<meta name=\"author\" content=\"Anna Zampolini\" \/>\n<meta name=\"twitter:card\" content=\"summary_large_image\" \/>\n<meta name=\"twitter:label1\" content=\"Written by\" \/>\n\t<meta name=\"twitter:data1\" content=\"Anna Zampolini\" \/>\n\t<meta name=\"twitter:label2\" content=\"Est. reading time\" \/>\n\t<meta name=\"twitter:data2\" content=\"2 minutes\" \/>\n<script type=\"application\/ld+json\" class=\"yoast-schema-graph\">{\"@context\":\"https:\\\/\\\/schema.org\",\"@graph\":[{\"@type\":\"Article\",\"@id\":\"https:\\\/\\\/www.distrettoaerospazialepiemonte.com\\\/en\\\/events-news\\\/aerospazio-de-mitri-al-tgr3-piemonte-il-piemonte-cresce-nello-spazio-e-guida-la-transizione-industriale\\\/#article\",\"isPartOf\":{\"@id\":\"https:\\\/\\\/www.distrettoaerospazialepiemonte.com\\\/en\\\/events-news\\\/aerospazio-de-mitri-al-tgr3-piemonte-il-piemonte-cresce-nello-spazio-e-guida-la-transizione-industriale\\\/\"},\"author\":{\"name\":\"Anna Zampolini\",\"@id\":\"https:\\\/\\\/www.distrettoaerospazialepiemonte.com\\\/en\\\/#\\\/schema\\\/person\\\/b67d683ffbbae33fcc07105c75d162bc\"},\"headline\":\"Aerospazio, De Mitri al TGR3 Piemonte: \u201cIl Piemonte cresce nello spazio e guida la transizione industriale\u201d\",\"datePublished\":\"2026-04-30T07:44:00+00:00\",\"dateModified\":\"2026-04-30T07:53:43+00:00\",\"mainEntityOfPage\":{\"@id\":\"https:\\\/\\\/www.distrettoaerospazialepiemonte.com\\\/en\\\/events-news\\\/aerospazio-de-mitri-al-tgr3-piemonte-il-piemonte-cresce-nello-spazio-e-guida-la-transizione-industriale\\\/\"},\"wordCount\":299,\"publisher\":{\"@id\":\"https:\\\/\\\/www.distrettoaerospazialepiemonte.com\\\/en\\\/#organization\"},\"image\":{\"@id\":\"https:\\\/\\\/www.distrettoaerospazialepiemonte.com\\\/en\\\/events-news\\\/aerospazio-de-mitri-al-tgr3-piemonte-il-piemonte-cresce-nello-spazio-e-guida-la-transizione-industriale\\\/#primaryimage\"},\"thumbnailUrl\":\"https:\\\/\\\/www.distrettoaerospazialepiemonte.com\\\/wp-content\\\/uploads\\\/2026\\\/04\\\/tg3regione.png\",\"articleSection\":[\"Events and news\"],\"inLanguage\":\"en-US\"},{\"@type\":\"WebPage\",\"@id\":\"https:\\\/\\\/www.distrettoaerospazialepiemonte.com\\\/en\\\/events-news\\\/aerospazio-de-mitri-al-tgr3-piemonte-il-piemonte-cresce-nello-spazio-e-guida-la-transizione-industriale\\\/\",\"url\":\"https:\\\/\\\/www.distrettoaerospazialepiemonte.com\\\/en\\\/events-news\\\/aerospazio-de-mitri-al-tgr3-piemonte-il-piemonte-cresce-nello-spazio-e-guida-la-transizione-industriale\\\/\",\"name\":\"Aerospazio, De Mitri al TGR3 Piemonte: \u201cIl Piemonte cresce nello spazio e guida la transizione industriale\u201d - Distretto aerospaziale piemonte\",\"isPartOf\":{\"@id\":\"https:\\\/\\\/www.distrettoaerospazialepiemonte.com\\\/en\\\/#website\"},\"primaryImageOfPage\":{\"@id\":\"https:\\\/\\\/www.distrettoaerospazialepiemonte.com\\\/en\\\/events-news\\\/aerospazio-de-mitri-al-tgr3-piemonte-il-piemonte-cresce-nello-spazio-e-guida-la-transizione-industriale\\\/#primaryimage\"},\"image\":{\"@id\":\"https:\\\/\\\/www.distrettoaerospazialepiemonte.com\\\/en\\\/events-news\\\/aerospazio-de-mitri-al-tgr3-piemonte-il-piemonte-cresce-nello-spazio-e-guida-la-transizione-industriale\\\/#primaryimage\"},\"thumbnailUrl\":\"https:\\\/\\\/www.distrettoaerospazialepiemonte.com\\\/wp-content\\\/uploads\\\/2026\\\/04\\\/tg3regione.png\",\"datePublished\":\"2026-04-30T07:44:00+00:00\",\"dateModified\":\"2026-04-30T07:53:43+00:00\",\"breadcrumb\":{\"@id\":\"https:\\\/\\\/www.distrettoaerospazialepiemonte.com\\\/en\\\/events-news\\\/aerospazio-de-mitri-al-tgr3-piemonte-il-piemonte-cresce-nello-spazio-e-guida-la-transizione-industriale\\\/#breadcrumb\"},\"inLanguage\":\"en-US\",\"potentialAction\":[{\"@type\":\"ReadAction\",\"target\":[\"https:\\\/\\\/www.distrettoaerospazialepiemonte.com\\\/en\\\/events-news\\\/aerospazio-de-mitri-al-tgr3-piemonte-il-piemonte-cresce-nello-spazio-e-guida-la-transizione-industriale\\\/\"]}]},{\"@type\":\"ImageObject\",\"inLanguage\":\"en-US\",\"@id\":\"https:\\\/\\\/www.distrettoaerospazialepiemonte.com\\\/en\\\/events-news\\\/aerospazio-de-mitri-al-tgr3-piemonte-il-piemonte-cresce-nello-spazio-e-guida-la-transizione-industriale\\\/#primaryimage\",\"url\":\"https:\\\/\\\/www.distrettoaerospazialepiemonte.com\\\/wp-content\\\/uploads\\\/2026\\\/04\\\/tg3regione.png\",\"contentUrl\":\"https:\\\/\\\/www.distrettoaerospazialepiemonte.com\\\/wp-content\\\/uploads\\\/2026\\\/04\\\/tg3regione.png\",\"width\":481,\"height\":252},{\"@type\":\"BreadcrumbList\",\"@id\":\"https:\\\/\\\/www.distrettoaerospazialepiemonte.com\\\/en\\\/events-news\\\/aerospazio-de-mitri-al-tgr3-piemonte-il-piemonte-cresce-nello-spazio-e-guida-la-transizione-industriale\\\/#breadcrumb\",\"itemListElement\":[{\"@type\":\"ListItem\",\"position\":1,\"name\":\"Home\",\"item\":\"https:\\\/\\\/www.distrettoaerospazialepiemonte.com\\\/en\\\/\"},{\"@type\":\"ListItem\",\"position\":2,\"name\":\"Aerospazio, De Mitri al TGR3 Piemonte: \u201cIl Piemonte cresce nello spazio e guida la transizione industriale\u201d\"}]},{\"@type\":\"WebSite\",\"@id\":\"https:\\\/\\\/www.distrettoaerospazialepiemonte.com\\\/en\\\/#website\",\"url\":\"https:\\\/\\\/www.distrettoaerospazialepiemonte.com\\\/en\\\/\",\"name\":\"Distretto aerospaziale piemonte\",\"description\":\"DAP\",\"publisher\":{\"@id\":\"https:\\\/\\\/www.distrettoaerospazialepiemonte.com\\\/en\\\/#organization\"},\"potentialAction\":[{\"@type\":\"SearchAction\",\"target\":{\"@type\":\"EntryPoint\",\"urlTemplate\":\"https:\\\/\\\/www.distrettoaerospazialepiemonte.com\\\/en\\\/?s={search_term_string}\"},\"query-input\":{\"@type\":\"PropertyValueSpecification\",\"valueRequired\":true,\"valueName\":\"search_term_string\"}}],\"inLanguage\":\"en-US\"},{\"@type\":\"Organization\",\"@id\":\"https:\\\/\\\/www.distrettoaerospazialepiemonte.com\\\/en\\\/#organization\",\"name\":\"Distretto Aerospaziale Piemonte\",\"url\":\"https:\\\/\\\/www.distrettoaerospazialepiemonte.com\\\/en\\\/\",\"logo\":{\"@type\":\"ImageObject\",\"inLanguage\":\"en-US\",\"@id\":\"https:\\\/\\\/www.distrettoaerospazialepiemonte.com\\\/en\\\/#\\\/schema\\\/logo\\\/image\\\/\",\"url\":\"https:\\\/\\\/www.distrettoaerospazialepiemonte.com\\\/wp-content\\\/uploads\\\/2019\\\/12\\\/logoNoScritta.png\",\"contentUrl\":\"https:\\\/\\\/www.distrettoaerospazialepiemonte.com\\\/wp-content\\\/uploads\\\/2019\\\/12\\\/logoNoScritta.png\",\"width\":250,\"height\":125,\"caption\":\"Distretto Aerospaziale Piemonte\"},\"image\":{\"@id\":\"https:\\\/\\\/www.distrettoaerospazialepiemonte.com\\\/en\\\/#\\\/schema\\\/logo\\\/image\\\/\"}},{\"@type\":\"Person\",\"@id\":\"https:\\\/\\\/www.distrettoaerospazialepiemonte.com\\\/en\\\/#\\\/schema\\\/person\\\/b67d683ffbbae33fcc07105c75d162bc\",\"name\":\"Anna Zampolini\",\"image\":{\"@type\":\"ImageObject\",\"inLanguage\":\"en-US\",\"@id\":\"https:\\\/\\\/secure.gravatar.com\\\/avatar\\\/e790b1cbe9ff37ab22178feeb6a03d3aad2414f89da70efa4f70357ac368a5ac?s=96&d=mm&r=g\",\"url\":\"https:\\\/\\\/secure.gravatar.com\\\/avatar\\\/e790b1cbe9ff37ab22178feeb6a03d3aad2414f89da70efa4f70357ac368a5ac?s=96&d=mm&r=g\",\"contentUrl\":\"https:\\\/\\\/secure.gravatar.com\\\/avatar\\\/e790b1cbe9ff37ab22178feeb6a03d3aad2414f89da70efa4f70357ac368a5ac?s=96&d=mm&r=g\",\"caption\":\"Anna Zampolini\"}}]}<\/script>\n<!-- \/ Yoast SEO plugin. -->","yoast_head_json":{"title":"Aerospazio, De Mitri al TGR3 Piemonte: \u201cIl Piemonte cresce nello spazio e guida la transizione industriale\u201d - Distretto aerospaziale piemonte","robots":{"index":"index","follow":"follow","max-snippet":"max-snippet:-1","max-image-preview":"max-image-preview:large","max-video-preview":"max-video-preview:-1"},"canonical":"https:\/\/www.distrettoaerospazialepiemonte.com\/en\/events-news\/aerospazio-de-mitri-al-tgr3-piemonte-il-piemonte-cresce-nello-spazio-e-guida-la-transizione-industriale\/","og_locale":"en_US","og_type":"article","og_title":"Aerospazio, De Mitri al TGR3 Piemonte: \u201cIl Piemonte cresce nello spazio e guida la transizione industriale\u201d - Distretto aerospaziale piemonte","og_description":"Nel pieno di una fase complessa per la manifattura, il Piemonte guarda all\u2019aerospazio come a uno dei motori principali per il futuro industriale della regione. \u00c8 quanto emerge dall\u2019intervista a Maurizio De Mitri, presidente del Distretto Aerospaziale Piemonte, andata in onda nel TGR3 Piemonte di mercoled\u00ec 29 aprile 2026. \u00abLo scenario \u00e8 di difficolt\u00e0 per [&hellip;]","og_url":"https:\/\/www.distrettoaerospazialepiemonte.com\/en\/events-news\/aerospazio-de-mitri-al-tgr3-piemonte-il-piemonte-cresce-nello-spazio-e-guida-la-transizione-industriale\/","og_site_name":"Distretto aerospaziale piemonte","article_published_time":"2026-04-30T07:44:00+00:00","article_modified_time":"2026-04-30T07:53:43+00:00","og_image":[{"width":481,"height":252,"url":"https:\/\/www.distrettoaerospazialepiemonte.com\/wp-content\/uploads\/2026\/04\/tg3regione.png","type":"image\/png"}],"author":"Anna Zampolini","twitter_card":"summary_large_image","twitter_misc":{"Written by":"Anna Zampolini","Est. reading time":"2 minutes"},"schema":{"@context":"https:\/\/schema.org","@graph":[{"@type":"Article","@id":"https:\/\/www.distrettoaerospazialepiemonte.com\/en\/events-news\/aerospazio-de-mitri-al-tgr3-piemonte-il-piemonte-cresce-nello-spazio-e-guida-la-transizione-industriale\/#article","isPartOf":{"@id":"https:\/\/www.distrettoaerospazialepiemonte.com\/en\/events-news\/aerospazio-de-mitri-al-tgr3-piemonte-il-piemonte-cresce-nello-spazio-e-guida-la-transizione-industriale\/"},"author":{"name":"Anna Zampolini","@id":"https:\/\/www.distrettoaerospazialepiemonte.com\/en\/#\/schema\/person\/b67d683ffbbae33fcc07105c75d162bc"},"headline":"Aerospazio, De Mitri al TGR3 Piemonte: \u201cIl Piemonte cresce nello spazio e guida la transizione industriale\u201d","datePublished":"2026-04-30T07:44:00+00:00","dateModified":"2026-04-30T07:53:43+00:00","mainEntityOfPage":{"@id":"https:\/\/www.distrettoaerospazialepiemonte.com\/en\/events-news\/aerospazio-de-mitri-al-tgr3-piemonte-il-piemonte-cresce-nello-spazio-e-guida-la-transizione-industriale\/"},"wordCount":299,"publisher":{"@id":"https:\/\/www.distrettoaerospazialepiemonte.com\/en\/#organization"},"image":{"@id":"https:\/\/www.distrettoaerospazialepiemonte.com\/en\/events-news\/aerospazio-de-mitri-al-tgr3-piemonte-il-piemonte-cresce-nello-spazio-e-guida-la-transizione-industriale\/#primaryimage"},"thumbnailUrl":"https:\/\/www.distrettoaerospazialepiemonte.com\/wp-content\/uploads\/2026\/04\/tg3regione.png","articleSection":["Events and news"],"inLanguage":"en-US"},{"@type":"WebPage","@id":"https:\/\/www.distrettoaerospazialepiemonte.com\/en\/events-news\/aerospazio-de-mitri-al-tgr3-piemonte-il-piemonte-cresce-nello-spazio-e-guida-la-transizione-industriale\/","url":"https:\/\/www.distrettoaerospazialepiemonte.com\/en\/events-news\/aerospazio-de-mitri-al-tgr3-piemonte-il-piemonte-cresce-nello-spazio-e-guida-la-transizione-industriale\/","name":"Aerospazio, De Mitri al TGR3 Piemonte: \u201cIl Piemonte cresce nello spazio e guida la transizione industriale\u201d - Distretto aerospaziale piemonte","isPartOf":{"@id":"https:\/\/www.distrettoaerospazialepiemonte.com\/en\/#website"},"primaryImageOfPage":{"@id":"https:\/\/www.distrettoaerospazialepiemonte.com\/en\/events-news\/aerospazio-de-mitri-al-tgr3-piemonte-il-piemonte-cresce-nello-spazio-e-guida-la-transizione-industriale\/#primaryimage"},"image":{"@id":"https:\/\/www.distrettoaerospazialepiemonte.com\/en\/events-news\/aerospazio-de-mitri-al-tgr3-piemonte-il-piemonte-cresce-nello-spazio-e-guida-la-transizione-industriale\/#primaryimage"},"thumbnailUrl":"https:\/\/www.distrettoaerospazialepiemonte.com\/wp-content\/uploads\/2026\/04\/tg3regione.png","datePublished":"2026-04-30T07:44:00+00:00","dateModified":"2026-04-30T07:53:43+00:00","breadcrumb":{"@id":"https:\/\/www.distrettoaerospazialepiemonte.com\/en\/events-news\/aerospazio-de-mitri-al-tgr3-piemonte-il-piemonte-cresce-nello-spazio-e-guida-la-transizione-industriale\/#breadcrumb"},"inLanguage":"en-US","potentialAction":[{"@type":"ReadAction","target":["https:\/\/www.distrettoaerospazialepiemonte.com\/en\/events-news\/aerospazio-de-mitri-al-tgr3-piemonte-il-piemonte-cresce-nello-spazio-e-guida-la-transizione-industriale\/"]}]},{"@type":"ImageObject","inLanguage":"en-US","@id":"https:\/\/www.distrettoaerospazialepiemonte.com\/en\/events-news\/aerospazio-de-mitri-al-tgr3-piemonte-il-piemonte-cresce-nello-spazio-e-guida-la-transizione-industriale\/#primaryimage","url":"https:\/\/www.distrettoaerospazialepiemonte.com\/wp-content\/uploads\/2026\/04\/tg3regione.png","contentUrl":"https:\/\/www.distrettoaerospazialepiemonte.com\/wp-content\/uploads\/2026\/04\/tg3regione.png","width":481,"height":252},{"@type":"BreadcrumbList","@id":"https:\/\/www.distrettoaerospazialepiemonte.com\/en\/events-news\/aerospazio-de-mitri-al-tgr3-piemonte-il-piemonte-cresce-nello-spazio-e-guida-la-transizione-industriale\/#breadcrumb","itemListElement":[{"@type":"ListItem","position":1,"name":"Home","item":"https:\/\/www.distrettoaerospazialepiemonte.com\/en\/"},{"@type":"ListItem","position":2,"name":"Aerospazio, De Mitri al TGR3 Piemonte: \u201cIl Piemonte cresce nello spazio e guida la transizione industriale\u201d"}]},{"@type":"WebSite","@id":"https:\/\/www.distrettoaerospazialepiemonte.com\/en\/#website","url":"https:\/\/www.distrettoaerospazialepiemonte.com\/en\/","name":"Distretto aerospaziale piemonte","description":"DAP","publisher":{"@id":"https:\/\/www.distrettoaerospazialepiemonte.com\/en\/#organization"},"potentialAction":[{"@type":"SearchAction","target":{"@type":"EntryPoint","urlTemplate":"https:\/\/www.distrettoaerospazialepiemonte.com\/en\/?s={search_term_string}"},"query-input":{"@type":"PropertyValueSpecification","valueRequired":true,"valueName":"search_term_string"}}],"inLanguage":"en-US"},{"@type":"Organization","@id":"https:\/\/www.distrettoaerospazialepiemonte.com\/en\/#organization","name":"Distretto Aerospaziale Piemonte","url":"https:\/\/www.distrettoaerospazialepiemonte.com\/en\/","logo":{"@type":"ImageObject","inLanguage":"en-US","@id":"https:\/\/www.distrettoaerospazialepiemonte.com\/en\/#\/schema\/logo\/image\/","url":"https:\/\/www.distrettoaerospazialepiemonte.com\/wp-content\/uploads\/2019\/12\/logoNoScritta.png","contentUrl":"https:\/\/www.distrettoaerospazialepiemonte.com\/wp-content\/uploads\/2019\/12\/logoNoScritta.png","width":250,"height":125,"caption":"Distretto Aerospaziale Piemonte"},"image":{"@id":"https:\/\/www.distrettoaerospazialepiemonte.com\/en\/#\/schema\/logo\/image\/"}},{"@type":"Person","@id":"https:\/\/www.distrettoaerospazialepiemonte.com\/en\/#\/schema\/person\/b67d683ffbbae33fcc07105c75d162bc","name":"Anna Zampolini","image":{"@type":"ImageObject","inLanguage":"en-US","@id":"https:\/\/secure.gravatar.com\/avatar\/e790b1cbe9ff37ab22178feeb6a03d3aad2414f89da70efa4f70357ac368a5ac?s=96&d=mm&r=g","url":"https:\/\/secure.gravatar.com\/avatar\/e790b1cbe9ff37ab22178feeb6a03d3aad2414f89da70efa4f70357ac368a5ac?s=96&d=mm&r=g","contentUrl":"https:\/\/secure.gravatar.com\/avatar\/e790b1cbe9ff37ab22178feeb6a03d3aad2414f89da70efa4f70357ac368a5ac?s=96&d=mm&r=g","caption":"Anna Zampolini"}}]}},"_links":{"self":[{"href":"https:\/\/www.distrettoaerospazialepiemonte.com\/en\/wp-json\/wp\/v2\/posts\/9681","targetHints":{"allow":["GET"]}}],"collection":[{"href":"https:\/\/www.distrettoaerospazialepiemonte.com\/en\/wp-json\/wp\/v2\/posts"}],"about":[{"href":"https:\/\/www.distrettoaerospazialepiemonte.com\/en\/wp-json\/wp\/v2\/types\/post"}],"author":[{"embeddable":true,"href":"https:\/\/www.distrettoaerospazialepiemonte.com\/en\/wp-json\/wp\/v2\/users\/2"}],"replies":[{"embeddable":true,"href":"https:\/\/www.distrettoaerospazialepiemonte.com\/en\/wp-json\/wp\/v2\/comments?post=9681"}],"version-history":[{"count":1,"href":"https:\/\/www.distrettoaerospazialepiemonte.com\/en\/wp-json\/wp\/v2\/posts\/9681\/revisions"}],"predecessor-version":[{"id":9683,"href":"https:\/\/www.distrettoaerospazialepiemonte.com\/en\/wp-json\/wp\/v2\/posts\/9681\/revisions\/9683"}],"wp:featuredmedia":[{"embeddable":true,"href":"https:\/\/www.distrettoaerospazialepiemonte.com\/en\/wp-json\/wp\/v2\/media\/9682"}],"wp:attachment":[{"href":"https:\/\/www.distrettoaerospazialepiemonte.com\/en\/wp-json\/wp\/v2\/media?parent=9681"}],"wp:term":[{"taxonomy":"category","embeddable":true,"href":"https:\/\/www.distrettoaerospazialepiemonte.com\/en\/wp-json\/wp\/v2\/categories?post=9681"},{"taxonomy":"post_tag","embeddable":true,"href":"https:\/\/www.distrettoaerospazialepiemonte.com\/en\/wp-json\/wp\/v2\/tags?post=9681"}],"curies":[{"name":"wp","href":"https:\/\/api.w.org\/{rel}","templated":true}]}}